{"id":587,"global_id":"compagnie-l-aime-en-terre.fr\/v2?id=587","global_id_lineage":["compagnie-l-aime-en-terre.fr\/v2?id=587"],"author":"3","status":"publish","date":"2023-02-25 12:35:26","date_utc":"2023-02-25 11:35:26","modified":"2023-02-25 12:35:26","modified_utc":"2023-02-25 11:35:26","url":"https:\/\/compagnie-l-aime-en-terre.fr\/v2\/event\/o-les-masques\/","rest_url":"https:\/\/compagnie-l-aime-en-terre.fr\/v2\/wp-json\/tribe\/events\/v1\/events\/587","title":"\u00d4 les masques !","description":"<p>Nouvelle \u00e9dition du carnaval \u00d4 les Masques, nouvelle participation de la compagnie&#8230; On vous attend nombreux pour ce carnaval des quartiers du Nord-Est parisien.<\/p>\n<p>&nbsp;<\/p>","excerpt":"","slug":"o-les-masques","image":{"url":"https:\/\/compagnie-l-aime-en-terre.fr\/v2\/wp-content\/uploads\/2023\/02\/affiche-carnaval.png","id":586,"extension":"png","width":660,"height":910,"filesize":723826,"sizes":{"medium":{"width":218,"height":300,"mime-type":"image\/png","filesize":108836,"url":"https:\/\/compagnie-l-aime-en-terre.fr\/v2\/wp-content\/uploads\/2023\/02\/affiche-carnaval-218x300.png"},"thumbnail":{"width":150,"height":150,"mime-type":"image\/png","filesize":44707,"url":"https:\/\/compagnie-l-aime-en-terre.fr\/v2\/wp-content\/uploads\/2023\/02\/affiche-carnaval-150x150.png"},"post-thumbnail":{"width":88,"height":88,"mime-type":"image\/png","filesize":17511,"url":"https:\/\/compagnie-l-aime-en-terre.fr\/v2\/wp-content\/uploads\/2023\/02\/affiche-carnaval-88x88.png"},"post-thumb":{"width":508,"height":700,"mime-type":"image\/png","filesize":462412,"url":"https:\/\/compagnie-l-aime-en-terre.fr\/v2\/wp-content\/uploads\/2023\/02\/affiche-carnaval-508x700.png"}}},"all_day":true,"start_date":"2023-05-13 00:00:00","start_date_details":{"year":"2023","month":"05","day":"13","hour":"00","minutes":"00","seconds":"00"},"end_date":"2023-05-13 23:59:59","end_date_details":{"year":"2023","month":"05","day":"13","hour":"23","minutes":"59","seconds":"59"},"utc_start_date":"2023-05-12 22:00:00","utc_start_date_details":{"year":"2023","month":"05","day":"12","hour":"22","minutes":"00","seconds":"00"},"utc_end_date":"2023-05-13 21:59:59","utc_end_date_details":{"year":"2023","month":"05","day":"13","hour":"21","minutes":"59","seconds":"59"},"timezone":"Europe\/Paris","timezone_abbr":"CEST","cost":"","cost_details":{"currency_symbol":"","currency_code":"","currency_position":"prefix","values":[]},"website":"","show_map":true,"show_map_link":true,"hide_from_listings":false,"sticky":true,"featured":true,"categories":[],"tags":[],"venue":{"id":589,"author":"3","status":"publish","date":"2023-02-25 12:35:26","date_utc":"2023-02-25 11:35:26","modified":"2023-02-25 12:35:26","modified_utc":"2023-02-25 11:35:26","url":"https:\/\/compagnie-l-aime-en-terre.fr\/v2\/lieu\/esplanade-nathalie-sarraute\/","venue":"Esplanade Nathalie Sarraute","slug":"esplanade-nathalie-sarraute","city":"Paris","country":"France","zip":"75018","json_ld":{"@type":"Place","name":"Esplanade Nathalie Sarraute","description":"","url":"","address":{"@type":"PostalAddress","addressLocality":"Paris","postalCode":"75018","addressCountry":"France"},"telephone":"","sameAs":""},"show_map":true,"show_map_link":true,"global_id":"compagnie-l-aime-en-terre.fr\/v2?id=589","global_id_lineage":["compagnie-l-aime-en-terre.fr\/v2?id=589"]},"organizer":[],"custom_fields":[],"json_ld":{"@context":"http:\/\/schema.org","@type":"Event","name":"\u00d4 les masques !","description":"&lt;p&gt;Nouvelle \u00e9dition du carnaval \u00d4 les Masques, nouvelle participation de la compagnie... On vous attend nombreux pour ce carnaval des quartiers du Nord-Est parisien. &nbsp;&lt;\/p&gt;\\n","image":"https:\/\/compagnie-l-aime-en-terre.fr\/v2\/wp-content\/uploads\/2023\/02\/affiche-carnaval.png","url":"https:\/\/compagnie-l-aime-en-terre.fr\/v2\/event\/o-les-masques\/","eventAttendanceMode":"https:\/\/schema.org\/OfflineEventAttendanceMode","eventStatus":"https:\/\/schema.org\/EventScheduled","startDate":"2023-05-13T00:00:00+02:00","endDate":"2023-05-13T23:59:59+02:00","location":{"@type":"Place","name":"Esplanade Nathalie Sarraute","description":"","url":"","address":{"@type":"PostalAddress","addressLocality":"Paris","postalCode":"75018","addressCountry":"France"},"telephone":"","sameAs":""},"performer":"Organization"}}