{"id":726,"global_id":"compagnie-l-aime-en-terre.fr\/v2?id=726","global_id_lineage":["compagnie-l-aime-en-terre.fr\/v2?id=726"],"author":"3","status":"publish","date":"2023-12-04 23:27:50","date_utc":"2023-12-04 22:27:50","modified":"2023-12-04 23:27:50","modified_utc":"2023-12-04 22:27:50","url":"https:\/\/compagnie-l-aime-en-terre.fr\/v2\/event\/mais-qui-est-le-pere-noel-3\/","rest_url":"https:\/\/compagnie-l-aime-en-terre.fr\/v2\/wp-json\/tribe\/events\/v1\/events\/726","title":"Mais qui est le P\u00e8re No\u00ebl ?","description":"<p>On f\u00eate No\u00ebl, on connait le P\u00e8re No\u00ebl, on sait qu\u2019il apporte les cadeaux\u2026 Mais qui est-il vraiment ?<\/p>\n<p>Car avant de devenir un vieux bonhomme, il a \u00e9t\u00e9 lui aussi un petit gar\u00e7on, \u00e9lev\u00e9 par les Nymphes des Bois de la For\u00eat de Burz\u00e9e, dans l\u2019harmonie de la nature et le respect de la vie\u2026<\/p>\n<p>Et pourquoi passe-t-il par la chemin\u00e9e ? Et pourquoi met-il les jouets dans les chaussures ?<\/p>\n<p>On d\u00e9core le sapin, il y a les cadeaux\u2026mais on ne sait plus pourquoi on fait tout \u00e7a.<\/p>\n<p>Youni et son b\u00e2ton d\u2019offrande est l\u00e0 pour vous rappeler toutes ces histoires\u2026.<\/p>","excerpt":"","slug":"mais-qui-est-le-pere-noel-3","image":{"url":"https:\/\/compagnie-l-aime-en-terre.fr\/v2\/wp-content\/uploads\/2023\/12\/deco-noel-2.png","id":725,"extension":"png","width":460,"height":455,"filesize":350496,"sizes":{"medium":{"width":300,"height":297,"mime-type":"image\/png","filesize":176103,"url":"https:\/\/compagnie-l-aime-en-terre.fr\/v2\/wp-content\/uploads\/2023\/12\/deco-noel-2-300x297.png"},"thumbnail":{"width":150,"height":150,"mime-type":"image\/png","filesize":54609,"url":"https:\/\/compagnie-l-aime-en-terre.fr\/v2\/wp-content\/uploads\/2023\/12\/deco-noel-2-150x150.png"},"post-thumbnail":{"width":88,"height":88,"mime-type":"image\/png","filesize":20946,"url":"https:\/\/compagnie-l-aime-en-terre.fr\/v2\/wp-content\/uploads\/2023\/12\/deco-noel-2-88x88.png"}}},"all_day":true,"start_date":"2023-12-11 00:00:00","start_date_details":{"year":"2023","month":"12","day":"11","hour":"00","minutes":"00","seconds":"00"},"end_date":"2023-12-11 23:59:59","end_date_details":{"year":"2023","month":"12","day":"11","hour":"23","minutes":"59","seconds":"59"},"utc_start_date":"2023-12-10 23:00:00","utc_start_date_details":{"year":"2023","month":"12","day":"10","hour":"23","minutes":"00","seconds":"00"},"utc_end_date":"2023-12-11 22:59:59","utc_end_date_details":{"year":"2023","month":"12","day":"11","hour":"22","minutes":"59","seconds":"59"},"timezone":"Europe\/Paris","timezone_abbr":"CET","cost":"","cost_details":{"currency_symbol":"","currency_code":"","currency_position":"prefix","values":[]},"website":"","show_map":true,"show_map_link":true,"hide_from_listings":false,"sticky":true,"featured":true,"categories":[],"tags":[],"venue":{"id":720,"author":"3","status":"publish","date":"2023-12-04 23:14:15","date_utc":"2023-12-04 22:14:15","modified":"2023-12-04 23:14:15","modified_utc":"2023-12-04 22:14:15","url":"https:\/\/compagnie-l-aime-en-terre.fr\/v2\/lieu\/marche-de-noel\/","venue":"March\u00e9 de No\u00ebl","slug":"marche-de-noel","city":"Vernon","zip":"27200","json_ld":{"@type":"Place","name":"March\u00e9 de No\u00ebl","description":"","url":"","address":{"@type":"PostalAddress","addressLocality":"Vernon","postalCode":"27200"},"telephone":"","sameAs":""},"show_map":true,"show_map_link":true,"global_id":"compagnie-l-aime-en-terre.fr\/v2?id=720","global_id_lineage":["compagnie-l-aime-en-terre.fr\/v2?id=720"]},"organizer":[],"custom_fields":[],"json_ld":{"@context":"http:\/\/schema.org","@type":"Event","name":"Mais qui est le P\u00e8re No\u00ebl ?","description":"&lt;p&gt;On f\u00eate No\u00ebl, on connait le P\u00e8re No\u00ebl, on sait qu\u2019il apporte les cadeaux\u2026 Mais qui est-il vraiment ? Car avant de devenir un vieux bonhomme, il a...&lt;\/p&gt;\\n","image":"https:\/\/compagnie-l-aime-en-terre.fr\/v2\/wp-content\/uploads\/2023\/12\/deco-noel-2.png","url":"https:\/\/compagnie-l-aime-en-terre.fr\/v2\/event\/mais-qui-est-le-pere-noel-3\/","eventAttendanceMode":"https:\/\/schema.org\/OfflineEventAttendanceMode","eventStatus":"https:\/\/schema.org\/EventScheduled","startDate":"2023-12-11T00:00:00+01:00","endDate":"2023-12-11T23:59:59+01:00","location":{"@type":"Place","name":"March\u00e9 de No\u00ebl","description":"","url":"","address":{"@type":"PostalAddress","addressLocality":"Vernon","postalCode":"27200"},"telephone":"","sameAs":""},"performer":"Organization"}}