{"id":997,"global_id":"compagnie-l-aime-en-terre.fr\/v2?id=997","global_id_lineage":["compagnie-l-aime-en-terre.fr\/v2?id=997"],"author":"2","status":"publish","date":"2025-04-24 14:09:37","date_utc":"2025-04-24 12:09:37","modified":"2025-04-24 16:58:27","modified_utc":"2025-04-24 14:58:27","url":"https:\/\/compagnie-l-aime-en-terre.fr\/v2\/event\/gadoue-gaia-terres-humaines-a-joigny\/","rest_url":"https:\/\/compagnie-l-aime-en-terre.fr\/v2\/wp-json\/tribe\/events\/v1\/events\/997","title":"\u00ab\u00a0Gadoue Ga\u00efa : terres humaines\u00a0\u00bb \u00e0 JOIGNY","description":"<p><em>Seul en sc\u00e8ne tout public familial \u2013 1h15<br \/>\nla premi\u00e8re partie est adapt\u00e9e pour les moins de 5 ans (30 min)<\/em><\/p>\n<p>Vous \u00eates tous install\u00e9s ? Gadoue Ga\u00efa, \u00e9trange tas de terre, se r\u00e9veille\u2026<br \/>\nBient\u00f4t, la voici qui danse, chante, scande et conte des histoires de cultures humaines, des histoires choisies pour leur po\u00e9sie et leur port\u00e9e symbolique. Venez entendre l&rsquo;histoire de Nanana, m\u00e8re vaillante, de Mokishi, vieil homme confiant, du gar\u00e7on pierre, et d&rsquo;autres&#8230; et d\u00e9couvrez le fil conducteur de ces r\u00e9cits !<\/p>","excerpt":"","slug":"gadoue-gaia-terres-humaines-a-joigny","image":{"url":"https:\/\/compagnie-l-aime-en-terre.fr\/v2\/wp-content\/uploads\/2025\/04\/Capture-decran-2025-04-24-a-14.11.15.png","id":1000,"extension":"png","width":1004,"height":568,"filesize":1122605,"sizes":{"medium":{"width":300,"height":170,"mime-type":"image\/png","filesize":33503,"url":"https:\/\/compagnie-l-aime-en-terre.fr\/v2\/wp-content\/uploads\/2025\/04\/Capture-decran-2025-04-24-a-14.11.15-300x170.png"},"thumbnail":{"width":150,"height":150,"mime-type":"image\/png","filesize":22116,"url":"https:\/\/compagnie-l-aime-en-terre.fr\/v2\/wp-content\/uploads\/2025\/04\/Capture-decran-2025-04-24-a-14.11.15-150x150.png"},"medium_large":{"width":768,"height":434,"mime-type":"image\/png","filesize":347648,"url":"https:\/\/compagnie-l-aime-en-terre.fr\/v2\/wp-content\/uploads\/2025\/04\/Capture-decran-2025-04-24-a-14.11.15-768x434.png"},"post-thumbnail":{"width":88,"height":88,"mime-type":"image\/png","filesize":12902,"url":"https:\/\/compagnie-l-aime-en-terre.fr\/v2\/wp-content\/uploads\/2025\/04\/Capture-decran-2025-04-24-a-14.11.15-88x88.png"},"post-image":{"width":973,"height":550,"mime-type":"image\/png","filesize":539362,"url":"https:\/\/compagnie-l-aime-en-terre.fr\/v2\/wp-content\/uploads\/2025\/04\/Capture-decran-2025-04-24-a-14.11.15-973x550.png"},"post-thumb":{"width":508,"height":287,"mime-type":"image\/png","filesize":156332,"url":"https:\/\/compagnie-l-aime-en-terre.fr\/v2\/wp-content\/uploads\/2025\/04\/Capture-decran-2025-04-24-a-14.11.15-508x287.png"}}},"all_day":false,"start_date":"2025-06-14 11:00:00","start_date_details":{"year":"2025","month":"06","day":"14","hour":"11","minutes":"00","seconds":"00"},"end_date":"2025-06-14 12:30:00","end_date_details":{"year":"2025","month":"06","day":"14","hour":"12","minutes":"30","seconds":"00"},"utc_start_date":"2025-06-14 09:00:00","utc_start_date_details":{"year":"2025","month":"06","day":"14","hour":"09","minutes":"00","seconds":"00"},"utc_end_date":"2025-06-14 10:30:00","utc_end_date_details":{"year":"2025","month":"06","day":"14","hour":"10","minutes":"30","seconds":"00"},"timezone":"Europe\/Paris","timezone_abbr":"CEST","cost":"","cost_details":{"currency_symbol":"","currency_code":"","currency_position":"prefix","values":[]},"website":"","show_map":true,"show_map_link":true,"hide_from_listings":false,"sticky":true,"featured":true,"categories":[{"name":"Spectacles","slug":"spectacles","term_group":0,"term_taxonomy_id":51,"taxonomy":"tribe_events_cat","description":"","parent":0,"count":3,"filter":"raw","id":51,"urls":{"self":"https:\/\/compagnie-l-aime-en-terre.fr\/v2\/wp-json\/tribe\/events\/v1\/categories\/51","collection":"https:\/\/compagnie-l-aime-en-terre.fr\/v2\/wp-json\/tribe\/events\/v1\/categories"}}],"tags":[{"name":"Contes","slug":"contes","term_group":0,"term_taxonomy_id":5,"taxonomy":"post_tag","description":"Contes et r\u00e9cits","parent":0,"count":33,"filter":"raw","id":5,"urls":{"self":"https:\/\/compagnie-l-aime-en-terre.fr\/v2\/wp-json\/tribe\/events\/v1\/tags\/5","collection":"https:\/\/compagnie-l-aime-en-terre.fr\/v2\/wp-json\/tribe\/events\/v1\/tags"}},{"name":"Histoires","slug":"histoires","term_group":0,"term_taxonomy_id":4,"taxonomy":"post_tag","description":"","parent":0,"count":25,"filter":"raw","id":4,"urls":{"self":"https:\/\/compagnie-l-aime-en-terre.fr\/v2\/wp-json\/tribe\/events\/v1\/tags\/4","collection":"https:\/\/compagnie-l-aime-en-terre.fr\/v2\/wp-json\/tribe\/events\/v1\/tags"}},{"name":"Musique","slug":"musique","term_group":0,"term_taxonomy_id":35,"taxonomy":"post_tag","description":"","parent":0,"count":16,"filter":"raw","id":35,"urls":{"self":"https:\/\/compagnie-l-aime-en-terre.fr\/v2\/wp-json\/tribe\/events\/v1\/tags\/35","collection":"https:\/\/compagnie-l-aime-en-terre.fr\/v2\/wp-json\/tribe\/events\/v1\/tags"}},{"name":"po\u00e9sie","slug":"poesie","term_group":0,"term_taxonomy_id":41,"taxonomy":"post_tag","description":"","parent":0,"count":6,"filter":"raw","id":41,"urls":{"self":"https:\/\/compagnie-l-aime-en-terre.fr\/v2\/wp-json\/tribe\/events\/v1\/tags\/41","collection":"https:\/\/compagnie-l-aime-en-terre.fr\/v2\/wp-json\/tribe\/events\/v1\/tags"}},{"name":"r\u00e9cit","slug":"recit","term_group":0,"term_taxonomy_id":39,"taxonomy":"post_tag","description":"","parent":0,"count":5,"filter":"raw","id":39,"urls":{"self":"https:\/\/compagnie-l-aime-en-terre.fr\/v2\/wp-json\/tribe\/events\/v1\/tags\/39","collection":"https:\/\/compagnie-l-aime-en-terre.fr\/v2\/wp-json\/tribe\/events\/v1\/tags"}},{"name":"Terre","slug":"terre","term_group":0,"term_taxonomy_id":52,"taxonomy":"post_tag","description":"","parent":0,"count":1,"filter":"raw","id":52,"urls":{"self":"https:\/\/compagnie-l-aime-en-terre.fr\/v2\/wp-json\/tribe\/events\/v1\/tags\/52","collection":"https:\/\/compagnie-l-aime-en-terre.fr\/v2\/wp-json\/tribe\/events\/v1\/tags"}},{"name":"Voix","slug":"voix","term_group":0,"term_taxonomy_id":50,"taxonomy":"post_tag","description":"","parent":0,"count":2,"filter":"raw","id":50,"urls":{"self":"https:\/\/compagnie-l-aime-en-terre.fr\/v2\/wp-json\/tribe\/events\/v1\/tags\/50","collection":"https:\/\/compagnie-l-aime-en-terre.fr\/v2\/wp-json\/tribe\/events\/v1\/tags"}}],"venue":{"id":998,"author":"2","status":"publish","date":"2025-04-24 14:09:37","date_utc":"2025-04-24 12:09:37","modified":"2025-04-24 14:09:37","modified_utc":"2025-04-24 12:09:37","url":"https:\/\/compagnie-l-aime-en-terre.fr\/v2\/lieu\/la-casba\/","venue":"La Casba","slug":"la-casba","address":"6, square Al Idrisi","city":"Joigny","country":"France","zip":"89300","website":"https:\/\/www.lacaserne.labascule.org","json_ld":{"@type":"Place","name":"La Casba","description":"","url":"","address":{"@type":"PostalAddress","streetAddress":"6, square Al Idrisi","addressLocality":"Joigny","postalCode":"89300","addressCountry":"France"},"telephone":"","sameAs":"https:\/\/www.lacaserne.labascule.org"},"show_map":true,"show_map_link":true,"global_id":"compagnie-l-aime-en-terre.fr\/v2?id=998","global_id_lineage":["compagnie-l-aime-en-terre.fr\/v2?id=998"]},"organizer":[{"id":816,"author":"2","status":"publish","date":"2024-05-27 10:11:26","date_utc":"2024-05-27 08:11:26","modified":"2024-05-27 10:11:26","modified_utc":"2024-05-27 08:11:26","url":"https:\/\/compagnie-l-aime-en-terre.fr\/v2\/organisateur\/cie-l-aime-en-terre\/","organizer":"Cie L Aime En Terre","slug":"cie-l-aime-en-terre","json_ld":{"@type":"Person","name":"Cie L Aime En Terre","description":"","url":"","telephone":"","email":"","sameAs":""},"global_id":"compagnie-l-aime-en-terre.fr\/v2?id=816","global_id_lineage":["compagnie-l-aime-en-terre.fr\/v2?id=816"]}],"custom_fields":[],"json_ld":{"@context":"http:\/\/schema.org","@type":"Event","name":"\u00ab\u00a0Gadoue Ga\u00efa : terres humaines\u00a0\u00bb \u00e0 JOIGNY","description":"&lt;p&gt;Seul en sc\u00e8ne tout public familial \u2013 1h15 la premi\u00e8re partie est adapt\u00e9e pour les moins de 5 ans (30 min) Vous \u00eates tous install\u00e9s ? Gadoue Ga\u00efa,...&lt;\/p&gt;\\n","image":"https:\/\/compagnie-l-aime-en-terre.fr\/v2\/wp-content\/uploads\/2025\/04\/Capture-decran-2025-04-24-a-14.11.15.png","url":"https:\/\/compagnie-l-aime-en-terre.fr\/v2\/event\/gadoue-gaia-terres-humaines-a-joigny\/","eventAttendanceMode":"https:\/\/schema.org\/OfflineEventAttendanceMode","eventStatus":"https:\/\/schema.org\/EventScheduled","startDate":"2025-06-14T11:00:00+02:00","endDate":"2025-06-14T12:30:00+02:00","location":{"@type":"Place","name":"La Casba","description":"","url":"","address":{"@type":"PostalAddress","streetAddress":"6, square Al Idrisi","addressLocality":"Joigny","postalCode":"89300","addressCountry":"France"},"telephone":"","sameAs":"https:\/\/www.lacaserne.labascule.org"},"organizer":{"@type":"Person","name":"Cie L Aime En Terre","description":"","url":"","telephone":"","email":"","sameAs":""},"performer":"Organization"}}