{"id":1,"date":"2023-02-10T17:20:00","date_gmt":"2023-02-10T16:20:00","guid":{"rendered":"https:\/\/compagnie-l-aime-en-terre.fr\/v2\/?p=1"},"modified":"2024-01-11T20:23:54","modified_gmt":"2024-01-11T19:23:54","slug":"spectacle-pyrotechnie","status":"publish","type":"post","link":"https:\/\/compagnie-l-aime-en-terre.fr\/v2\/laimeenterre\/actuellement\/spectacle-pyrotechnie\/","title":{"rendered":"Spectacle \u00ab\u00a0Foxy la Fontaine\u00a0\u00bb"},"content":{"rendered":"<p>Renarde friponne, po\u00e8te burlesque, Foxy vous conte les fables de Jean de la Fontaine.<br \/>\nElle vous entraine dans la farandole de la mascarade et r\u00e9veille votre sens de la po\u00e9sie, du merveilleux et de la fantaisie.<br \/>\nFoxy fait tirer au sort dans le \u00ab Nid aux fables \u00bb les fables qu\u2019elle va raconter.<br \/>\nLe spectateur est convi\u00e9 \u00e0 participer \u00e0 la narration de quelques fables et \u00e0 chanter lors de l\u2019interpr\u00e9tation des comptines.<\/p>\n\n\n<figure class=\"wp-block-gallery has-nested-images columns-default is-cropped wp-block-gallery-1 is-layout-flex wp-block-gallery-is-layout-flex\">\n<figure class=\"wp-block-image size-large\"><img loading=\"lazy\" decoding=\"async\" width=\"667\" height=\"1000\" data-id=\"336\" src=\"https:\/\/compagnie-l-aime-en-terre.fr\/v2\/wp-content\/uploads\/2023\/01\/foxy.jpg\" alt=\"\" class=\"wp-image-336\" srcset=\"https:\/\/compagnie-l-aime-en-terre.fr\/v2\/wp-content\/uploads\/2023\/01\/foxy.jpg 667w, https:\/\/compagnie-l-aime-en-terre.fr\/v2\/wp-content\/uploads\/2023\/01\/foxy-200x300.jpg 200w, https:\/\/compagnie-l-aime-en-terre.fr\/v2\/wp-content\/uploads\/2023\/01\/foxy-508x762.jpg 508w\" sizes=\"auto, (max-width: 667px) 100vw, 667px\" \/><\/figure>\n\n\n\n<figure class=\"wp-block-image size-large\"><img loading=\"lazy\" decoding=\"async\" width=\"1024\" height=\"683\" data-id=\"335\" src=\"https:\/\/compagnie-l-aime-en-terre.fr\/v2\/wp-content\/uploads\/2023\/01\/foxy-la-fontaine.jpg\" alt=\"\" class=\"wp-image-335\" srcset=\"https:\/\/compagnie-l-aime-en-terre.fr\/v2\/wp-content\/uploads\/2023\/01\/foxy-la-fontaine.jpg 1024w, https:\/\/compagnie-l-aime-en-terre.fr\/v2\/wp-content\/uploads\/2023\/01\/foxy-la-fontaine-300x200.jpg 300w, https:\/\/compagnie-l-aime-en-terre.fr\/v2\/wp-content\/uploads\/2023\/01\/foxy-la-fontaine-768x512.jpg 768w, https:\/\/compagnie-l-aime-en-terre.fr\/v2\/wp-content\/uploads\/2023\/01\/foxy-la-fontaine-973x649.jpg 973w, https:\/\/compagnie-l-aime-en-terre.fr\/v2\/wp-content\/uploads\/2023\/01\/foxy-la-fontaine-508x339.jpg 508w\" sizes=\"auto, (max-width: 1024px) 100vw, 1024px\" \/><\/figure>\n\n\n\n<figure class=\"wp-block-image size-large\"><img loading=\"lazy\" decoding=\"async\" width=\"868\" height=\"579\" data-id=\"797\" src=\"https:\/\/compagnie-l-aime-en-terre.fr\/v2\/wp-content\/uploads\/2024\/01\/foxy-la-fontaine-2-edited.jpg\" alt=\"\" class=\"wp-image-797\" srcset=\"https:\/\/compagnie-l-aime-en-terre.fr\/v2\/wp-content\/uploads\/2024\/01\/foxy-la-fontaine-2-edited.jpg 868w, https:\/\/compagnie-l-aime-en-terre.fr\/v2\/wp-content\/uploads\/2024\/01\/foxy-la-fontaine-2-edited-300x200.jpg 300w, https:\/\/compagnie-l-aime-en-terre.fr\/v2\/wp-content\/uploads\/2024\/01\/foxy-la-fontaine-2-edited-768x512.jpg 768w, https:\/\/compagnie-l-aime-en-terre.fr\/v2\/wp-content\/uploads\/2024\/01\/foxy-la-fontaine-2-edited-508x339.jpg 508w\" sizes=\"auto, (max-width: 868px) 100vw, 868px\" \/><\/figure>\n<\/figure>\n","protected":false},"excerpt":{"rendered":"<p>Renarde friponne, po\u00e8te burlesque, Foxy vous conte les fables de Jean de la Fontaine. Elle vous entraine dans la farandole de la mascarade et r\u00e9veille votre sens de&#8230;<\/p>\n","protected":false},"author":3,"featured_media":279,"comment_status":"closed","ping_status":"closed","sticky":true,"template":"","format":"standard","meta":{"footnotes":""},"categories":[1,2],"tags":[5,4],"class_list":["post-1","post","type-post","status-publish","format-standard","has-post-thumbnail","hentry","category-actuellement","category-les-spectacles","tag-contes","tag-histoires"],"yoast_head":"<!-- This site is optimized with the Yoast SEO plugin v25.2 - https:\/\/yoast.com\/wordpress\/plugins\/seo\/ -->\n<title>Spectacle &quot;Foxy la Fontaine&quot; - La compagnie &quot;L&quot; aime en terre<\/title>\n<meta name=\"description\" content=\"-\" \/>\n<meta name=\"robots\" content=\"index, follow, max-snippet:-1, max-image-preview:large, max-video-preview:-1\" \/>\n<link rel=\"canonical\" href=\"https:\/\/compagnie-l-aime-en-terre.fr\/v2\/laimeenterre\/actuellement\/spectacle-pyrotechnie\/\" \/>\n<meta property=\"og:locale\" content=\"fr_FR\" \/>\n<meta property=\"og:type\" content=\"article\" \/>\n<meta property=\"og:title\" content=\"Spectacle &quot;Foxy la Fontaine&quot; - La compagnie &quot;L&quot; aime en terre\" \/>\n<meta property=\"og:description\" content=\"-\" \/>\n<meta property=\"og:url\" content=\"https:\/\/compagnie-l-aime-en-terre.fr\/v2\/laimeenterre\/actuellement\/spectacle-pyrotechnie\/\" \/>\n<meta property=\"og:site_name\" content=\"La compagnie &quot;L&quot; aime en terre\" \/>\n<meta property=\"article:publisher\" content=\"https:\/\/www.facebook.com\/laimeenterre\/\" \/>\n<meta property=\"article:published_time\" content=\"2023-02-10T16:20:00+00:00\" \/>\n<meta property=\"article:modified_time\" content=\"2024-01-11T19:23:54+00:00\" \/>\n<meta property=\"og:image\" content=\"https:\/\/compagnie-l-aime-en-terre.fr\/v2\/wp-content\/uploads\/2022\/02\/IMG_2316.jpg\" \/>\n\t<meta property=\"og:image:width\" content=\"1024\" \/>\n\t<meta property=\"og:image:height\" content=\"683\" \/>\n\t<meta property=\"og:image:type\" content=\"image\/jpeg\" \/>\n<meta name=\"author\" content=\"Isabelle Guicheteau\" \/>\n<meta name=\"twitter:card\" content=\"summary_large_image\" \/>\n<meta name=\"twitter:label1\" content=\"\u00c9crit par\" \/>\n\t<meta name=\"twitter:data1\" content=\"Isabelle Guicheteau\" \/>\n<script type=\"application\/ld+json\" class=\"yoast-schema-graph\">{\"@context\":\"https:\/\/schema.org\",\"@graph\":[{\"@type\":\"Article\",\"@id\":\"https:\/\/compagnie-l-aime-en-terre.fr\/v2\/laimeenterre\/actuellement\/spectacle-pyrotechnie\/#article\",\"isPartOf\":{\"@id\":\"https:\/\/compagnie-l-aime-en-terre.fr\/v2\/laimeenterre\/actuellement\/spectacle-pyrotechnie\/\"},\"author\":{\"name\":\"Isabelle Guicheteau\",\"@id\":\"https:\/\/compagnie-l-aime-en-terre.fr\/v2\/#\/schema\/person\/3db19e745f47adf77efc6b85c2b95ff0\"},\"headline\":\"Spectacle \u00ab\u00a0Foxy la Fontaine\u00a0\u00bb\",\"datePublished\":\"2023-02-10T16:20:00+00:00\",\"dateModified\":\"2024-01-11T19:23:54+00:00\",\"mainEntityOfPage\":{\"@id\":\"https:\/\/compagnie-l-aime-en-terre.fr\/v2\/laimeenterre\/actuellement\/spectacle-pyrotechnie\/\"},\"wordCount\":78,\"publisher\":{\"@id\":\"https:\/\/compagnie-l-aime-en-terre.fr\/v2\/#organization\"},\"image\":{\"@id\":\"https:\/\/compagnie-l-aime-en-terre.fr\/v2\/laimeenterre\/actuellement\/spectacle-pyrotechnie\/#primaryimage\"},\"thumbnailUrl\":\"https:\/\/compagnie-l-aime-en-terre.fr\/v2\/wp-content\/uploads\/2022\/02\/IMG_2316.jpg\",\"keywords\":[\"Contes\",\"Histoires\"],\"articleSection\":[\"A la une\",\"Nos spectacles\"],\"inLanguage\":\"fr-FR\"},{\"@type\":\"WebPage\",\"@id\":\"https:\/\/compagnie-l-aime-en-terre.fr\/v2\/laimeenterre\/actuellement\/spectacle-pyrotechnie\/\",\"url\":\"https:\/\/compagnie-l-aime-en-terre.fr\/v2\/laimeenterre\/actuellement\/spectacle-pyrotechnie\/\",\"name\":\"Spectacle \\\"Foxy la Fontaine\\\" - La compagnie &quot;L&quot; aime en terre\",\"isPartOf\":{\"@id\":\"https:\/\/compagnie-l-aime-en-terre.fr\/v2\/#website\"},\"primaryImageOfPage\":{\"@id\":\"https:\/\/compagnie-l-aime-en-terre.fr\/v2\/laimeenterre\/actuellement\/spectacle-pyrotechnie\/#primaryimage\"},\"image\":{\"@id\":\"https:\/\/compagnie-l-aime-en-terre.fr\/v2\/laimeenterre\/actuellement\/spectacle-pyrotechnie\/#primaryimage\"},\"thumbnailUrl\":\"https:\/\/compagnie-l-aime-en-terre.fr\/v2\/wp-content\/uploads\/2022\/02\/IMG_2316.jpg\",\"datePublished\":\"2023-02-10T16:20:00+00:00\",\"dateModified\":\"2024-01-11T19:23:54+00:00\",\"description\":\"-\",\"breadcrumb\":{\"@id\":\"https:\/\/compagnie-l-aime-en-terre.fr\/v2\/laimeenterre\/actuellement\/spectacle-pyrotechnie\/#breadcrumb\"},\"inLanguage\":\"fr-FR\",\"potentialAction\":[{\"@type\":\"ReadAction\",\"target\":[\"https:\/\/compagnie-l-aime-en-terre.fr\/v2\/laimeenterre\/actuellement\/spectacle-pyrotechnie\/\"]}]},{\"@type\":\"ImageObject\",\"inLanguage\":\"fr-FR\",\"@id\":\"https:\/\/compagnie-l-aime-en-terre.fr\/v2\/laimeenterre\/actuellement\/spectacle-pyrotechnie\/#primaryimage\",\"url\":\"https:\/\/compagnie-l-aime-en-terre.fr\/v2\/wp-content\/uploads\/2022\/02\/IMG_2316.jpg\",\"contentUrl\":\"https:\/\/compagnie-l-aime-en-terre.fr\/v2\/wp-content\/uploads\/2022\/02\/IMG_2316.jpg\",\"width\":1024,\"height\":683,\"caption\":\"Foxy la Fontaine\"},{\"@type\":\"BreadcrumbList\",\"@id\":\"https:\/\/compagnie-l-aime-en-terre.fr\/v2\/laimeenterre\/actuellement\/spectacle-pyrotechnie\/#breadcrumb\",\"itemListElement\":[{\"@type\":\"ListItem\",\"position\":1,\"name\":\"Accueil\",\"item\":\"https:\/\/compagnie-l-aime-en-terre.fr\/v2\/\"},{\"@type\":\"ListItem\",\"position\":2,\"name\":\"Spectacle \u00ab\u00a0Foxy la Fontaine\u00a0\u00bb\"}]},{\"@type\":\"WebSite\",\"@id\":\"https:\/\/compagnie-l-aime-en-terre.fr\/v2\/#website\",\"url\":\"https:\/\/compagnie-l-aime-en-terre.fr\/v2\/\",\"name\":\"La compagnie L. aime en terre\",\"description\":\"Th\u00e9\u00e2tre de Rue et de jardins, conteuse, spectacles et ateliers\",\"publisher\":{\"@id\":\"https:\/\/compagnie-l-aime-en-terre.fr\/v2\/#organization\"},\"alternateName\":\"L aime en Terre\",\"potentialAction\":[{\"@type\":\"SearchAction\",\"target\":{\"@type\":\"EntryPoint\",\"urlTemplate\":\"https:\/\/compagnie-l-aime-en-terre.fr\/v2\/?s={search_term_string}\"},\"query-input\":{\"@type\":\"PropertyValueSpecification\",\"valueRequired\":true,\"valueName\":\"search_term_string\"}}],\"inLanguage\":\"fr-FR\"},{\"@type\":\"Organization\",\"@id\":\"https:\/\/compagnie-l-aime-en-terre.fr\/v2\/#organization\",\"name\":\"La compagnie \\\"L\\\" aime en terre\",\"alternateName\":\"L aime en Terre\",\"url\":\"https:\/\/compagnie-l-aime-en-terre.fr\/v2\/\",\"logo\":{\"@type\":\"ImageObject\",\"inLanguage\":\"fr-FR\",\"@id\":\"https:\/\/compagnie-l-aime-en-terre.fr\/v2\/#\/schema\/logo\/image\/\",\"url\":\"https:\/\/compagnie-l-aime-en-terre.fr\/v2\/wp-content\/uploads\/2021\/10\/cropped-IMG_1931.jpg\",\"contentUrl\":\"https:\/\/compagnie-l-aime-en-terre.fr\/v2\/wp-content\/uploads\/2021\/10\/cropped-IMG_1931.jpg\",\"width\":445,\"height\":421,\"caption\":\"La compagnie \\\"L\\\" aime en terre\"},\"image\":{\"@id\":\"https:\/\/compagnie-l-aime-en-terre.fr\/v2\/#\/schema\/logo\/image\/\"},\"sameAs\":[\"https:\/\/www.facebook.com\/laimeenterre\/\",\"https:\/\/www.instagram.com\/laimeenterre\/\"]},{\"@type\":\"Person\",\"@id\":\"https:\/\/compagnie-l-aime-en-terre.fr\/v2\/#\/schema\/person\/3db19e745f47adf77efc6b85c2b95ff0\",\"name\":\"Isabelle Guicheteau\",\"image\":{\"@type\":\"ImageObject\",\"inLanguage\":\"fr-FR\",\"@id\":\"https:\/\/compagnie-l-aime-en-terre.fr\/v2\/#\/schema\/person\/image\/\",\"url\":\"https:\/\/secure.gravatar.com\/avatar\/ab5208132c6061e27d837294e4be5e5e9d61481d2c050b92912f794d4db47bed?s=96&d=mm&r=g\",\"contentUrl\":\"https:\/\/secure.gravatar.com\/avatar\/ab5208132c6061e27d837294e4be5e5e9d61481d2c050b92912f794d4db47bed?s=96&d=mm&r=g\",\"caption\":\"Isabelle Guicheteau\"},\"url\":\"https:\/\/compagnie-l-aime-en-terre.fr\/v2\/laimeenterre\/author\/isa\/\"}]}<\/script>\n<!-- \/ Yoast SEO plugin. -->","yoast_head_json":{"title":"Spectacle \"Foxy la Fontaine\" - La compagnie &quot;L&quot; aime en terre","description":"-","robots":{"index":"index","follow":"follow","max-snippet":"max-snippet:-1","max-image-preview":"max-image-preview:large","max-video-preview":"max-video-preview:-1"},"canonical":"https:\/\/compagnie-l-aime-en-terre.fr\/v2\/laimeenterre\/actuellement\/spectacle-pyrotechnie\/","og_locale":"fr_FR","og_type":"article","og_title":"Spectacle \"Foxy la Fontaine\" - La compagnie &quot;L&quot; aime en terre","og_description":"-","og_url":"https:\/\/compagnie-l-aime-en-terre.fr\/v2\/laimeenterre\/actuellement\/spectacle-pyrotechnie\/","og_site_name":"La compagnie &quot;L&quot; aime en terre","article_publisher":"https:\/\/www.facebook.com\/laimeenterre\/","article_published_time":"2023-02-10T16:20:00+00:00","article_modified_time":"2024-01-11T19:23:54+00:00","og_image":[{"width":1024,"height":683,"url":"https:\/\/compagnie-l-aime-en-terre.fr\/v2\/wp-content\/uploads\/2022\/02\/IMG_2316.jpg","type":"image\/jpeg"}],"author":"Isabelle Guicheteau","twitter_card":"summary_large_image","twitter_misc":{"\u00c9crit par":"Isabelle Guicheteau"},"schema":{"@context":"https:\/\/schema.org","@graph":[{"@type":"Article","@id":"https:\/\/compagnie-l-aime-en-terre.fr\/v2\/laimeenterre\/actuellement\/spectacle-pyrotechnie\/#article","isPartOf":{"@id":"https:\/\/compagnie-l-aime-en-terre.fr\/v2\/laimeenterre\/actuellement\/spectacle-pyrotechnie\/"},"author":{"name":"Isabelle Guicheteau","@id":"https:\/\/compagnie-l-aime-en-terre.fr\/v2\/#\/schema\/person\/3db19e745f47adf77efc6b85c2b95ff0"},"headline":"Spectacle \u00ab\u00a0Foxy la Fontaine\u00a0\u00bb","datePublished":"2023-02-10T16:20:00+00:00","dateModified":"2024-01-11T19:23:54+00:00","mainEntityOfPage":{"@id":"https:\/\/compagnie-l-aime-en-terre.fr\/v2\/laimeenterre\/actuellement\/spectacle-pyrotechnie\/"},"wordCount":78,"publisher":{"@id":"https:\/\/compagnie-l-aime-en-terre.fr\/v2\/#organization"},"image":{"@id":"https:\/\/compagnie-l-aime-en-terre.fr\/v2\/laimeenterre\/actuellement\/spectacle-pyrotechnie\/#primaryimage"},"thumbnailUrl":"https:\/\/compagnie-l-aime-en-terre.fr\/v2\/wp-content\/uploads\/2022\/02\/IMG_2316.jpg","keywords":["Contes","Histoires"],"articleSection":["A la une","Nos spectacles"],"inLanguage":"fr-FR"},{"@type":"WebPage","@id":"https:\/\/compagnie-l-aime-en-terre.fr\/v2\/laimeenterre\/actuellement\/spectacle-pyrotechnie\/","url":"https:\/\/compagnie-l-aime-en-terre.fr\/v2\/laimeenterre\/actuellement\/spectacle-pyrotechnie\/","name":"Spectacle \"Foxy la Fontaine\" - La compagnie &quot;L&quot; aime en terre","isPartOf":{"@id":"https:\/\/compagnie-l-aime-en-terre.fr\/v2\/#website"},"primaryImageOfPage":{"@id":"https:\/\/compagnie-l-aime-en-terre.fr\/v2\/laimeenterre\/actuellement\/spectacle-pyrotechnie\/#primaryimage"},"image":{"@id":"https:\/\/compagnie-l-aime-en-terre.fr\/v2\/laimeenterre\/actuellement\/spectacle-pyrotechnie\/#primaryimage"},"thumbnailUrl":"https:\/\/compagnie-l-aime-en-terre.fr\/v2\/wp-content\/uploads\/2022\/02\/IMG_2316.jpg","datePublished":"2023-02-10T16:20:00+00:00","dateModified":"2024-01-11T19:23:54+00:00","description":"-","breadcrumb":{"@id":"https:\/\/compagnie-l-aime-en-terre.fr\/v2\/laimeenterre\/actuellement\/spectacle-pyrotechnie\/#breadcrumb"},"inLanguage":"fr-FR","potentialAction":[{"@type":"ReadAction","target":["https:\/\/compagnie-l-aime-en-terre.fr\/v2\/laimeenterre\/actuellement\/spectacle-pyrotechnie\/"]}]},{"@type":"ImageObject","inLanguage":"fr-FR","@id":"https:\/\/compagnie-l-aime-en-terre.fr\/v2\/laimeenterre\/actuellement\/spectacle-pyrotechnie\/#primaryimage","url":"https:\/\/compagnie-l-aime-en-terre.fr\/v2\/wp-content\/uploads\/2022\/02\/IMG_2316.jpg","contentUrl":"https:\/\/compagnie-l-aime-en-terre.fr\/v2\/wp-content\/uploads\/2022\/02\/IMG_2316.jpg","width":1024,"height":683,"caption":"Foxy la Fontaine"},{"@type":"BreadcrumbList","@id":"https:\/\/compagnie-l-aime-en-terre.fr\/v2\/laimeenterre\/actuellement\/spectacle-pyrotechnie\/#breadcrumb","itemListElement":[{"@type":"ListItem","position":1,"name":"Accueil","item":"https:\/\/compagnie-l-aime-en-terre.fr\/v2\/"},{"@type":"ListItem","position":2,"name":"Spectacle \u00ab\u00a0Foxy la Fontaine\u00a0\u00bb"}]},{"@type":"WebSite","@id":"https:\/\/compagnie-l-aime-en-terre.fr\/v2\/#website","url":"https:\/\/compagnie-l-aime-en-terre.fr\/v2\/","name":"La compagnie L. aime en terre","description":"Th\u00e9\u00e2tre de Rue et de jardins, conteuse, spectacles et ateliers","publisher":{"@id":"https:\/\/compagnie-l-aime-en-terre.fr\/v2\/#organization"},"alternateName":"L aime en Terre","potentialAction":[{"@type":"SearchAction","target":{"@type":"EntryPoint","urlTemplate":"https:\/\/compagnie-l-aime-en-terre.fr\/v2\/?s={search_term_string}"},"query-input":{"@type":"PropertyValueSpecification","valueRequired":true,"valueName":"search_term_string"}}],"inLanguage":"fr-FR"},{"@type":"Organization","@id":"https:\/\/compagnie-l-aime-en-terre.fr\/v2\/#organization","name":"La compagnie \"L\" aime en terre","alternateName":"L aime en Terre","url":"https:\/\/compagnie-l-aime-en-terre.fr\/v2\/","logo":{"@type":"ImageObject","inLanguage":"fr-FR","@id":"https:\/\/compagnie-l-aime-en-terre.fr\/v2\/#\/schema\/logo\/image\/","url":"https:\/\/compagnie-l-aime-en-terre.fr\/v2\/wp-content\/uploads\/2021\/10\/cropped-IMG_1931.jpg","contentUrl":"https:\/\/compagnie-l-aime-en-terre.fr\/v2\/wp-content\/uploads\/2021\/10\/cropped-IMG_1931.jpg","width":445,"height":421,"caption":"La compagnie \"L\" aime en terre"},"image":{"@id":"https:\/\/compagnie-l-aime-en-terre.fr\/v2\/#\/schema\/logo\/image\/"},"sameAs":["https:\/\/www.facebook.com\/laimeenterre\/","https:\/\/www.instagram.com\/laimeenterre\/"]},{"@type":"Person","@id":"https:\/\/compagnie-l-aime-en-terre.fr\/v2\/#\/schema\/person\/3db19e745f47adf77efc6b85c2b95ff0","name":"Isabelle Guicheteau","image":{"@type":"ImageObject","inLanguage":"fr-FR","@id":"https:\/\/compagnie-l-aime-en-terre.fr\/v2\/#\/schema\/person\/image\/","url":"https:\/\/secure.gravatar.com\/avatar\/ab5208132c6061e27d837294e4be5e5e9d61481d2c050b92912f794d4db47bed?s=96&d=mm&r=g","contentUrl":"https:\/\/secure.gravatar.com\/avatar\/ab5208132c6061e27d837294e4be5e5e9d61481d2c050b92912f794d4db47bed?s=96&d=mm&r=g","caption":"Isabelle Guicheteau"},"url":"https:\/\/compagnie-l-aime-en-terre.fr\/v2\/laimeenterre\/author\/isa\/"}]}},"_links":{"self":[{"href":"https:\/\/compagnie-l-aime-en-terre.fr\/v2\/wp-json\/wp\/v2\/posts\/1","targetHints":{"allow":["GET"]}}],"collection":[{"href":"https:\/\/compagnie-l-aime-en-terre.fr\/v2\/wp-json\/wp\/v2\/posts"}],"about":[{"href":"https:\/\/compagnie-l-aime-en-terre.fr\/v2\/wp-json\/wp\/v2\/types\/post"}],"author":[{"embeddable":true,"href":"https:\/\/compagnie-l-aime-en-terre.fr\/v2\/wp-json\/wp\/v2\/users\/3"}],"replies":[{"embeddable":true,"href":"https:\/\/compagnie-l-aime-en-terre.fr\/v2\/wp-json\/wp\/v2\/comments?post=1"}],"version-history":[{"count":5,"href":"https:\/\/compagnie-l-aime-en-terre.fr\/v2\/wp-json\/wp\/v2\/posts\/1\/revisions"}],"predecessor-version":[{"id":799,"href":"https:\/\/compagnie-l-aime-en-terre.fr\/v2\/wp-json\/wp\/v2\/posts\/1\/revisions\/799"}],"wp:featuredmedia":[{"embeddable":true,"href":"https:\/\/compagnie-l-aime-en-terre.fr\/v2\/wp-json\/wp\/v2\/media\/279"}],"wp:attachment":[{"href":"https:\/\/compagnie-l-aime-en-terre.fr\/v2\/wp-json\/wp\/v2\/media?parent=1"}],"wp:term":[{"taxonomy":"category","embeddable":true,"href":"https:\/\/compagnie-l-aime-en-terre.fr\/v2\/wp-json\/wp\/v2\/categories?post=1"},{"taxonomy":"post_tag","embeddable":true,"href":"https:\/\/compagnie-l-aime-en-terre.fr\/v2\/wp-json\/wp\/v2\/tags?post=1"}],"curies":[{"name":"wp","href":"https:\/\/api.w.org\/{rel}","templated":true}]}}