{"id":507,"date":"2023-02-20T17:48:35","date_gmt":"2023-02-20T16:48:35","guid":{"rendered":"https:\/\/compagnie-l-aime-en-terre.fr\/v2\/?p=507"},"modified":"2023-03-17T17:23:54","modified_gmt":"2023-03-17T16:23:54","slug":"souvenirs-du-fous-dhistoire-edition-2022","status":"publish","type":"post","link":"https:\/\/compagnie-l-aime-en-terre.fr\/v2\/laimeenterre\/actuellement\/souvenirs-du-fous-dhistoire-edition-2022\/","title":{"rendered":"Souvenirs du \u00ab\u00a0Fous d&rsquo;Histoire\u00a0\u00bb \u00e9dition 2022"},"content":{"rendered":"<p>Apr\u00e8s plusieurs ann\u00e9es d&rsquo;absence, la compagnie a d\u00e9cid\u00e9 de retourner au Fous d&rsquo;Histoire pour cette nouvelle \u00e9dition !<\/p>\n<p>Au programme : d\u00e9ambulation de la For\u00eat en F\u00e9erie, atelier de calligraphie et contes aromatiques&#8230;. Et bien s\u00fbr, l&rsquo;occasion de retrouver de nombreuses compagnie artistique !<\/p>\n\n\n<figure class=\"wp-block-gallery has-nested-images columns-default is-cropped wp-block-gallery-1 is-layout-flex wp-block-gallery-is-layout-flex\">\n<figure class=\"wp-block-image size-large\"><img loading=\"lazy\" decoding=\"async\" width=\"667\" height=\"1000\" data-id=\"517\" src=\"https:\/\/compagnie-l-aime-en-terre.fr\/v2\/wp-content\/uploads\/2023\/02\/IMG_0896-156.jpg\" alt=\"\" class=\"wp-image-517\" srcset=\"https:\/\/compagnie-l-aime-en-terre.fr\/v2\/wp-content\/uploads\/2023\/02\/IMG_0896-156.jpg 667w, https:\/\/compagnie-l-aime-en-terre.fr\/v2\/wp-content\/uploads\/2023\/02\/IMG_0896-156-200x300.jpg 200w, https:\/\/compagnie-l-aime-en-terre.fr\/v2\/wp-content\/uploads\/2023\/02\/IMG_0896-156-508x762.jpg 508w\" sizes=\"auto, (max-width: 667px) 100vw, 667px\" \/><\/figure>\n\n\n\n<figure class=\"wp-block-image size-large\"><img loading=\"lazy\" decoding=\"async\" width=\"1000\" height=\"667\" data-id=\"515\" src=\"https:\/\/compagnie-l-aime-en-terre.fr\/v2\/wp-content\/uploads\/2023\/02\/IMG_0708-83.jpg\" alt=\"\" class=\"wp-image-515\" srcset=\"https:\/\/compagnie-l-aime-en-terre.fr\/v2\/wp-content\/uploads\/2023\/02\/IMG_0708-83.jpg 1000w, https:\/\/compagnie-l-aime-en-terre.fr\/v2\/wp-content\/uploads\/2023\/02\/IMG_0708-83-300x200.jpg 300w, https:\/\/compagnie-l-aime-en-terre.fr\/v2\/wp-content\/uploads\/2023\/02\/IMG_0708-83-768x512.jpg 768w, https:\/\/compagnie-l-aime-en-terre.fr\/v2\/wp-content\/uploads\/2023\/02\/IMG_0708-83-973x649.jpg 973w, https:\/\/compagnie-l-aime-en-terre.fr\/v2\/wp-content\/uploads\/2023\/02\/IMG_0708-83-508x339.jpg 508w\" sizes=\"auto, (max-width: 1000px) 100vw, 1000px\" \/><figcaption class=\"wp-element-caption\">Lilaou Attal et Aram\u00e9a<\/figcaption><\/figure>\n\n\n\n<figure class=\"wp-block-image size-large\"><img loading=\"lazy\" decoding=\"async\" width=\"667\" height=\"1000\" data-id=\"512\" src=\"https:\/\/compagnie-l-aime-en-terre.fr\/v2\/wp-content\/uploads\/2023\/02\/IMG_0641-35.jpg\" alt=\"\" class=\"wp-image-512\" srcset=\"https:\/\/compagnie-l-aime-en-terre.fr\/v2\/wp-content\/uploads\/2023\/02\/IMG_0641-35.jpg 667w, https:\/\/compagnie-l-aime-en-terre.fr\/v2\/wp-content\/uploads\/2023\/02\/IMG_0641-35-200x300.jpg 200w, https:\/\/compagnie-l-aime-en-terre.fr\/v2\/wp-content\/uploads\/2023\/02\/IMG_0641-35-508x762.jpg 508w\" sizes=\"auto, (max-width: 667px) 100vw, 667px\" \/><\/figure>\n\n\n\n<figure class=\"wp-block-image size-large\"><img loading=\"lazy\" decoding=\"async\" width=\"683\" height=\"1024\" data-id=\"510\" src=\"https:\/\/compagnie-l-aime-en-terre.fr\/v2\/wp-content\/uploads\/2023\/02\/DSC_0513-683x1024.jpg\" alt=\"\" class=\"wp-image-510\" srcset=\"https:\/\/compagnie-l-aime-en-terre.fr\/v2\/wp-content\/uploads\/2023\/02\/DSC_0513-683x1024.jpg 683w, https:\/\/compagnie-l-aime-en-terre.fr\/v2\/wp-content\/uploads\/2023\/02\/DSC_0513-200x300.jpg 200w, https:\/\/compagnie-l-aime-en-terre.fr\/v2\/wp-content\/uploads\/2023\/02\/DSC_0513-768x1152.jpg 768w, https:\/\/compagnie-l-aime-en-terre.fr\/v2\/wp-content\/uploads\/2023\/02\/DSC_0513-1024x1536.jpg 1024w, https:\/\/compagnie-l-aime-en-terre.fr\/v2\/wp-content\/uploads\/2023\/02\/DSC_0513-1365x2048.jpg 1365w, https:\/\/compagnie-l-aime-en-terre.fr\/v2\/wp-content\/uploads\/2023\/02\/DSC_0513-973x1460.jpg 973w, https:\/\/compagnie-l-aime-en-terre.fr\/v2\/wp-content\/uploads\/2023\/02\/DSC_0513-508x762.jpg 508w, https:\/\/compagnie-l-aime-en-terre.fr\/v2\/wp-content\/uploads\/2023\/02\/DSC_0513.jpg 1600w\" sizes=\"auto, (max-width: 683px) 100vw, 683px\" \/><\/figure>\n\n\n\n<figure class=\"wp-block-image size-large\"><img loading=\"lazy\" decoding=\"async\" width=\"1000\" height=\"667\" data-id=\"514\" src=\"https:\/\/compagnie-l-aime-en-terre.fr\/v2\/wp-content\/uploads\/2023\/02\/IMG_0693-70.jpg\" alt=\"\" class=\"wp-image-514\" srcset=\"https:\/\/compagnie-l-aime-en-terre.fr\/v2\/wp-content\/uploads\/2023\/02\/IMG_0693-70.jpg 1000w, https:\/\/compagnie-l-aime-en-terre.fr\/v2\/wp-content\/uploads\/2023\/02\/IMG_0693-70-300x200.jpg 300w, https:\/\/compagnie-l-aime-en-terre.fr\/v2\/wp-content\/uploads\/2023\/02\/IMG_0693-70-768x512.jpg 768w, https:\/\/compagnie-l-aime-en-terre.fr\/v2\/wp-content\/uploads\/2023\/02\/IMG_0693-70-973x649.jpg 973w, https:\/\/compagnie-l-aime-en-terre.fr\/v2\/wp-content\/uploads\/2023\/02\/IMG_0693-70-508x339.jpg 508w\" sizes=\"auto, (max-width: 1000px) 100vw, 1000px\" \/><\/figure>\n<\/figure>\n","protected":false},"excerpt":{"rendered":"<p>Apr\u00e8s plusieurs ann\u00e9es d&rsquo;absence, la compagnie a d\u00e9cid\u00e9 de retourner au Fous d&rsquo;Histoire pour cette nouvelle \u00e9dition ! Au programme : d\u00e9ambulation de la For\u00eat en F\u00e9erie, atelier&#8230;<\/p>\n","protected":false},"author":3,"featured_media":516,"comment_status":"closed","ping_status":"closed","sticky":false,"template":"","format":"standard","meta":{"footnotes":""},"categories":[1,22],"tags":[5,18,17,3,6,4,27],"class_list":["post-507","post","type-post","status-publish","format-standard","has-post-thumbnail","hentry","category-actuellement","category-souvenirs","tag-contes","tag-deambulation","tag-feeries","tag-fees","tag-foret","tag-histoires","tag-imaginaire"],"yoast_head":"<!-- This site is optimized with the Yoast SEO plugin v25.2 - https:\/\/yoast.com\/wordpress\/plugins\/seo\/ -->\n<title>Souvenirs du &quot;Fous d&#039;Histoire&quot; \u00e9dition 2022 - La compagnie &quot;L&quot; aime en terre<\/title>\n<meta name=\"description\" content=\"-\" \/>\n<meta name=\"robots\" content=\"index, follow, max-snippet:-1, max-image-preview:large, max-video-preview:-1\" \/>\n<link rel=\"canonical\" href=\"https:\/\/compagnie-l-aime-en-terre.fr\/v2\/laimeenterre\/actuellement\/souvenirs-du-fous-dhistoire-edition-2022\/\" \/>\n<meta property=\"og:locale\" content=\"fr_FR\" \/>\n<meta property=\"og:type\" content=\"article\" \/>\n<meta property=\"og:title\" content=\"Souvenirs du &quot;Fous d&#039;Histoire&quot; \u00e9dition 2022 - La compagnie &quot;L&quot; aime en terre\" \/>\n<meta property=\"og:description\" content=\"-\" \/>\n<meta property=\"og:url\" content=\"https:\/\/compagnie-l-aime-en-terre.fr\/v2\/laimeenterre\/actuellement\/souvenirs-du-fous-dhistoire-edition-2022\/\" \/>\n<meta property=\"og:site_name\" content=\"La compagnie &quot;L&quot; aime en terre\" \/>\n<meta property=\"article:publisher\" content=\"https:\/\/www.facebook.com\/laimeenterre\/\" \/>\n<meta property=\"article:published_time\" content=\"2023-02-20T16:48:35+00:00\" \/>\n<meta property=\"article:modified_time\" content=\"2023-03-17T16:23:54+00:00\" \/>\n<meta property=\"og:image\" content=\"https:\/\/compagnie-l-aime-en-terre.fr\/v2\/wp-content\/uploads\/2023\/02\/IMG_0750-120.jpg\" \/>\n\t<meta property=\"og:image:width\" content=\"1000\" \/>\n\t<meta property=\"og:image:height\" content=\"667\" \/>\n\t<meta property=\"og:image:type\" content=\"image\/jpeg\" \/>\n<meta name=\"author\" content=\"Isabelle Guicheteau\" \/>\n<meta name=\"twitter:card\" content=\"summary_large_image\" \/>\n<meta name=\"twitter:label1\" content=\"\u00c9crit par\" \/>\n\t<meta name=\"twitter:data1\" content=\"Isabelle Guicheteau\" \/>\n<script type=\"application\/ld+json\" class=\"yoast-schema-graph\">{\"@context\":\"https:\/\/schema.org\",\"@graph\":[{\"@type\":\"Article\",\"@id\":\"https:\/\/compagnie-l-aime-en-terre.fr\/v2\/laimeenterre\/actuellement\/souvenirs-du-fous-dhistoire-edition-2022\/#article\",\"isPartOf\":{\"@id\":\"https:\/\/compagnie-l-aime-en-terre.fr\/v2\/laimeenterre\/actuellement\/souvenirs-du-fous-dhistoire-edition-2022\/\"},\"author\":{\"name\":\"Isabelle Guicheteau\",\"@id\":\"https:\/\/compagnie-l-aime-en-terre.fr\/v2\/#\/schema\/person\/3db19e745f47adf77efc6b85c2b95ff0\"},\"headline\":\"Souvenirs du \u00ab\u00a0Fous d&rsquo;Histoire\u00a0\u00bb \u00e9dition 2022\",\"datePublished\":\"2023-02-20T16:48:35+00:00\",\"dateModified\":\"2023-03-17T16:23:54+00:00\",\"mainEntityOfPage\":{\"@id\":\"https:\/\/compagnie-l-aime-en-terre.fr\/v2\/laimeenterre\/actuellement\/souvenirs-du-fous-dhistoire-edition-2022\/\"},\"wordCount\":58,\"publisher\":{\"@id\":\"https:\/\/compagnie-l-aime-en-terre.fr\/v2\/#organization\"},\"image\":{\"@id\":\"https:\/\/compagnie-l-aime-en-terre.fr\/v2\/laimeenterre\/actuellement\/souvenirs-du-fous-dhistoire-edition-2022\/#primaryimage\"},\"thumbnailUrl\":\"https:\/\/compagnie-l-aime-en-terre.fr\/v2\/wp-content\/uploads\/2023\/02\/IMG_0750-120.jpg\",\"keywords\":[\"Contes\",\"D\u00e9ambulation\",\"F\u00e9\u00e9ries\",\"F\u00e9es\",\"For\u00eat\",\"Histoires\",\"Imaginaire\"],\"articleSection\":[\"A la une\",\"Souvenirs\"],\"inLanguage\":\"fr-FR\"},{\"@type\":\"WebPage\",\"@id\":\"https:\/\/compagnie-l-aime-en-terre.fr\/v2\/laimeenterre\/actuellement\/souvenirs-du-fous-dhistoire-edition-2022\/\",\"url\":\"https:\/\/compagnie-l-aime-en-terre.fr\/v2\/laimeenterre\/actuellement\/souvenirs-du-fous-dhistoire-edition-2022\/\",\"name\":\"Souvenirs du \\\"Fous d'Histoire\\\" \u00e9dition 2022 - La compagnie &quot;L&quot; aime en terre\",\"isPartOf\":{\"@id\":\"https:\/\/compagnie-l-aime-en-terre.fr\/v2\/#website\"},\"primaryImageOfPage\":{\"@id\":\"https:\/\/compagnie-l-aime-en-terre.fr\/v2\/laimeenterre\/actuellement\/souvenirs-du-fous-dhistoire-edition-2022\/#primaryimage\"},\"image\":{\"@id\":\"https:\/\/compagnie-l-aime-en-terre.fr\/v2\/laimeenterre\/actuellement\/souvenirs-du-fous-dhistoire-edition-2022\/#primaryimage\"},\"thumbnailUrl\":\"https:\/\/compagnie-l-aime-en-terre.fr\/v2\/wp-content\/uploads\/2023\/02\/IMG_0750-120.jpg\",\"datePublished\":\"2023-02-20T16:48:35+00:00\",\"dateModified\":\"2023-03-17T16:23:54+00:00\",\"description\":\"-\",\"breadcrumb\":{\"@id\":\"https:\/\/compagnie-l-aime-en-terre.fr\/v2\/laimeenterre\/actuellement\/souvenirs-du-fous-dhistoire-edition-2022\/#breadcrumb\"},\"inLanguage\":\"fr-FR\",\"potentialAction\":[{\"@type\":\"ReadAction\",\"target\":[\"https:\/\/compagnie-l-aime-en-terre.fr\/v2\/laimeenterre\/actuellement\/souvenirs-du-fous-dhistoire-edition-2022\/\"]}]},{\"@type\":\"ImageObject\",\"inLanguage\":\"fr-FR\",\"@id\":\"https:\/\/compagnie-l-aime-en-terre.fr\/v2\/laimeenterre\/actuellement\/souvenirs-du-fous-dhistoire-edition-2022\/#primaryimage\",\"url\":\"https:\/\/compagnie-l-aime-en-terre.fr\/v2\/wp-content\/uploads\/2023\/02\/IMG_0750-120.jpg\",\"contentUrl\":\"https:\/\/compagnie-l-aime-en-terre.fr\/v2\/wp-content\/uploads\/2023\/02\/IMG_0750-120.jpg\",\"width\":1000,\"height\":667},{\"@type\":\"BreadcrumbList\",\"@id\":\"https:\/\/compagnie-l-aime-en-terre.fr\/v2\/laimeenterre\/actuellement\/souvenirs-du-fous-dhistoire-edition-2022\/#breadcrumb\",\"itemListElement\":[{\"@type\":\"ListItem\",\"position\":1,\"name\":\"Accueil\",\"item\":\"https:\/\/compagnie-l-aime-en-terre.fr\/v2\/\"},{\"@type\":\"ListItem\",\"position\":2,\"name\":\"Souvenirs du \u00ab\u00a0Fous d&rsquo;Histoire\u00a0\u00bb \u00e9dition 2022\"}]},{\"@type\":\"WebSite\",\"@id\":\"https:\/\/compagnie-l-aime-en-terre.fr\/v2\/#website\",\"url\":\"https:\/\/compagnie-l-aime-en-terre.fr\/v2\/\",\"name\":\"La compagnie L. aime en terre\",\"description\":\"Th\u00e9\u00e2tre de Rue et de jardins, conteuse, spectacles et ateliers\",\"publisher\":{\"@id\":\"https:\/\/compagnie-l-aime-en-terre.fr\/v2\/#organization\"},\"alternateName\":\"L aime en Terre\",\"potentialAction\":[{\"@type\":\"SearchAction\",\"target\":{\"@type\":\"EntryPoint\",\"urlTemplate\":\"https:\/\/compagnie-l-aime-en-terre.fr\/v2\/?s={search_term_string}\"},\"query-input\":{\"@type\":\"PropertyValueSpecification\",\"valueRequired\":true,\"valueName\":\"search_term_string\"}}],\"inLanguage\":\"fr-FR\"},{\"@type\":\"Organization\",\"@id\":\"https:\/\/compagnie-l-aime-en-terre.fr\/v2\/#organization\",\"name\":\"La compagnie \\\"L\\\" aime en terre\",\"alternateName\":\"L aime en Terre\",\"url\":\"https:\/\/compagnie-l-aime-en-terre.fr\/v2\/\",\"logo\":{\"@type\":\"ImageObject\",\"inLanguage\":\"fr-FR\",\"@id\":\"https:\/\/compagnie-l-aime-en-terre.fr\/v2\/#\/schema\/logo\/image\/\",\"url\":\"https:\/\/compagnie-l-aime-en-terre.fr\/v2\/wp-content\/uploads\/2021\/10\/cropped-IMG_1931.jpg\",\"contentUrl\":\"https:\/\/compagnie-l-aime-en-terre.fr\/v2\/wp-content\/uploads\/2021\/10\/cropped-IMG_1931.jpg\",\"width\":445,\"height\":421,\"caption\":\"La compagnie \\\"L\\\" aime en terre\"},\"image\":{\"@id\":\"https:\/\/compagnie-l-aime-en-terre.fr\/v2\/#\/schema\/logo\/image\/\"},\"sameAs\":[\"https:\/\/www.facebook.com\/laimeenterre\/\",\"https:\/\/www.instagram.com\/laimeenterre\/\"]},{\"@type\":\"Person\",\"@id\":\"https:\/\/compagnie-l-aime-en-terre.fr\/v2\/#\/schema\/person\/3db19e745f47adf77efc6b85c2b95ff0\",\"name\":\"Isabelle Guicheteau\",\"image\":{\"@type\":\"ImageObject\",\"inLanguage\":\"fr-FR\",\"@id\":\"https:\/\/compagnie-l-aime-en-terre.fr\/v2\/#\/schema\/person\/image\/\",\"url\":\"https:\/\/secure.gravatar.com\/avatar\/ab5208132c6061e27d837294e4be5e5e9d61481d2c050b92912f794d4db47bed?s=96&d=mm&r=g\",\"contentUrl\":\"https:\/\/secure.gravatar.com\/avatar\/ab5208132c6061e27d837294e4be5e5e9d61481d2c050b92912f794d4db47bed?s=96&d=mm&r=g\",\"caption\":\"Isabelle Guicheteau\"},\"url\":\"https:\/\/compagnie-l-aime-en-terre.fr\/v2\/laimeenterre\/author\/isa\/\"}]}<\/script>\n<!-- \/ Yoast SEO plugin. -->","yoast_head_json":{"title":"Souvenirs du \"Fous d'Histoire\" \u00e9dition 2022 - La compagnie &quot;L&quot; aime en terre","description":"-","robots":{"index":"index","follow":"follow","max-snippet":"max-snippet:-1","max-image-preview":"max-image-preview:large","max-video-preview":"max-video-preview:-1"},"canonical":"https:\/\/compagnie-l-aime-en-terre.fr\/v2\/laimeenterre\/actuellement\/souvenirs-du-fous-dhistoire-edition-2022\/","og_locale":"fr_FR","og_type":"article","og_title":"Souvenirs du \"Fous d'Histoire\" \u00e9dition 2022 - La compagnie &quot;L&quot; aime en terre","og_description":"-","og_url":"https:\/\/compagnie-l-aime-en-terre.fr\/v2\/laimeenterre\/actuellement\/souvenirs-du-fous-dhistoire-edition-2022\/","og_site_name":"La compagnie &quot;L&quot; aime en terre","article_publisher":"https:\/\/www.facebook.com\/laimeenterre\/","article_published_time":"2023-02-20T16:48:35+00:00","article_modified_time":"2023-03-17T16:23:54+00:00","og_image":[{"width":1000,"height":667,"url":"https:\/\/compagnie-l-aime-en-terre.fr\/v2\/wp-content\/uploads\/2023\/02\/IMG_0750-120.jpg","type":"image\/jpeg"}],"author":"Isabelle Guicheteau","twitter_card":"summary_large_image","twitter_misc":{"\u00c9crit par":"Isabelle Guicheteau"},"schema":{"@context":"https:\/\/schema.org","@graph":[{"@type":"Article","@id":"https:\/\/compagnie-l-aime-en-terre.fr\/v2\/laimeenterre\/actuellement\/souvenirs-du-fous-dhistoire-edition-2022\/#article","isPartOf":{"@id":"https:\/\/compagnie-l-aime-en-terre.fr\/v2\/laimeenterre\/actuellement\/souvenirs-du-fous-dhistoire-edition-2022\/"},"author":{"name":"Isabelle Guicheteau","@id":"https:\/\/compagnie-l-aime-en-terre.fr\/v2\/#\/schema\/person\/3db19e745f47adf77efc6b85c2b95ff0"},"headline":"Souvenirs du \u00ab\u00a0Fous d&rsquo;Histoire\u00a0\u00bb \u00e9dition 2022","datePublished":"2023-02-20T16:48:35+00:00","dateModified":"2023-03-17T16:23:54+00:00","mainEntityOfPage":{"@id":"https:\/\/compagnie-l-aime-en-terre.fr\/v2\/laimeenterre\/actuellement\/souvenirs-du-fous-dhistoire-edition-2022\/"},"wordCount":58,"publisher":{"@id":"https:\/\/compagnie-l-aime-en-terre.fr\/v2\/#organization"},"image":{"@id":"https:\/\/compagnie-l-aime-en-terre.fr\/v2\/laimeenterre\/actuellement\/souvenirs-du-fous-dhistoire-edition-2022\/#primaryimage"},"thumbnailUrl":"https:\/\/compagnie-l-aime-en-terre.fr\/v2\/wp-content\/uploads\/2023\/02\/IMG_0750-120.jpg","keywords":["Contes","D\u00e9ambulation","F\u00e9\u00e9ries","F\u00e9es","For\u00eat","Histoires","Imaginaire"],"articleSection":["A la une","Souvenirs"],"inLanguage":"fr-FR"},{"@type":"WebPage","@id":"https:\/\/compagnie-l-aime-en-terre.fr\/v2\/laimeenterre\/actuellement\/souvenirs-du-fous-dhistoire-edition-2022\/","url":"https:\/\/compagnie-l-aime-en-terre.fr\/v2\/laimeenterre\/actuellement\/souvenirs-du-fous-dhistoire-edition-2022\/","name":"Souvenirs du \"Fous d'Histoire\" \u00e9dition 2022 - La compagnie &quot;L&quot; aime en terre","isPartOf":{"@id":"https:\/\/compagnie-l-aime-en-terre.fr\/v2\/#website"},"primaryImageOfPage":{"@id":"https:\/\/compagnie-l-aime-en-terre.fr\/v2\/laimeenterre\/actuellement\/souvenirs-du-fous-dhistoire-edition-2022\/#primaryimage"},"image":{"@id":"https:\/\/compagnie-l-aime-en-terre.fr\/v2\/laimeenterre\/actuellement\/souvenirs-du-fous-dhistoire-edition-2022\/#primaryimage"},"thumbnailUrl":"https:\/\/compagnie-l-aime-en-terre.fr\/v2\/wp-content\/uploads\/2023\/02\/IMG_0750-120.jpg","datePublished":"2023-02-20T16:48:35+00:00","dateModified":"2023-03-17T16:23:54+00:00","description":"-","breadcrumb":{"@id":"https:\/\/compagnie-l-aime-en-terre.fr\/v2\/laimeenterre\/actuellement\/souvenirs-du-fous-dhistoire-edition-2022\/#breadcrumb"},"inLanguage":"fr-FR","potentialAction":[{"@type":"ReadAction","target":["https:\/\/compagnie-l-aime-en-terre.fr\/v2\/laimeenterre\/actuellement\/souvenirs-du-fous-dhistoire-edition-2022\/"]}]},{"@type":"ImageObject","inLanguage":"fr-FR","@id":"https:\/\/compagnie-l-aime-en-terre.fr\/v2\/laimeenterre\/actuellement\/souvenirs-du-fous-dhistoire-edition-2022\/#primaryimage","url":"https:\/\/compagnie-l-aime-en-terre.fr\/v2\/wp-content\/uploads\/2023\/02\/IMG_0750-120.jpg","contentUrl":"https:\/\/compagnie-l-aime-en-terre.fr\/v2\/wp-content\/uploads\/2023\/02\/IMG_0750-120.jpg","width":1000,"height":667},{"@type":"BreadcrumbList","@id":"https:\/\/compagnie-l-aime-en-terre.fr\/v2\/laimeenterre\/actuellement\/souvenirs-du-fous-dhistoire-edition-2022\/#breadcrumb","itemListElement":[{"@type":"ListItem","position":1,"name":"Accueil","item":"https:\/\/compagnie-l-aime-en-terre.fr\/v2\/"},{"@type":"ListItem","position":2,"name":"Souvenirs du \u00ab\u00a0Fous d&rsquo;Histoire\u00a0\u00bb \u00e9dition 2022"}]},{"@type":"WebSite","@id":"https:\/\/compagnie-l-aime-en-terre.fr\/v2\/#website","url":"https:\/\/compagnie-l-aime-en-terre.fr\/v2\/","name":"La compagnie L. aime en terre","description":"Th\u00e9\u00e2tre de Rue et de jardins, conteuse, spectacles et ateliers","publisher":{"@id":"https:\/\/compagnie-l-aime-en-terre.fr\/v2\/#organization"},"alternateName":"L aime en Terre","potentialAction":[{"@type":"SearchAction","target":{"@type":"EntryPoint","urlTemplate":"https:\/\/compagnie-l-aime-en-terre.fr\/v2\/?s={search_term_string}"},"query-input":{"@type":"PropertyValueSpecification","valueRequired":true,"valueName":"search_term_string"}}],"inLanguage":"fr-FR"},{"@type":"Organization","@id":"https:\/\/compagnie-l-aime-en-terre.fr\/v2\/#organization","name":"La compagnie \"L\" aime en terre","alternateName":"L aime en Terre","url":"https:\/\/compagnie-l-aime-en-terre.fr\/v2\/","logo":{"@type":"ImageObject","inLanguage":"fr-FR","@id":"https:\/\/compagnie-l-aime-en-terre.fr\/v2\/#\/schema\/logo\/image\/","url":"https:\/\/compagnie-l-aime-en-terre.fr\/v2\/wp-content\/uploads\/2021\/10\/cropped-IMG_1931.jpg","contentUrl":"https:\/\/compagnie-l-aime-en-terre.fr\/v2\/wp-content\/uploads\/2021\/10\/cropped-IMG_1931.jpg","width":445,"height":421,"caption":"La compagnie \"L\" aime en terre"},"image":{"@id":"https:\/\/compagnie-l-aime-en-terre.fr\/v2\/#\/schema\/logo\/image\/"},"sameAs":["https:\/\/www.facebook.com\/laimeenterre\/","https:\/\/www.instagram.com\/laimeenterre\/"]},{"@type":"Person","@id":"https:\/\/compagnie-l-aime-en-terre.fr\/v2\/#\/schema\/person\/3db19e745f47adf77efc6b85c2b95ff0","name":"Isabelle Guicheteau","image":{"@type":"ImageObject","inLanguage":"fr-FR","@id":"https:\/\/compagnie-l-aime-en-terre.fr\/v2\/#\/schema\/person\/image\/","url":"https:\/\/secure.gravatar.com\/avatar\/ab5208132c6061e27d837294e4be5e5e9d61481d2c050b92912f794d4db47bed?s=96&d=mm&r=g","contentUrl":"https:\/\/secure.gravatar.com\/avatar\/ab5208132c6061e27d837294e4be5e5e9d61481d2c050b92912f794d4db47bed?s=96&d=mm&r=g","caption":"Isabelle Guicheteau"},"url":"https:\/\/compagnie-l-aime-en-terre.fr\/v2\/laimeenterre\/author\/isa\/"}]}},"_links":{"self":[{"href":"https:\/\/compagnie-l-aime-en-terre.fr\/v2\/wp-json\/wp\/v2\/posts\/507","targetHints":{"allow":["GET"]}}],"collection":[{"href":"https:\/\/compagnie-l-aime-en-terre.fr\/v2\/wp-json\/wp\/v2\/posts"}],"about":[{"href":"https:\/\/compagnie-l-aime-en-terre.fr\/v2\/wp-json\/wp\/v2\/types\/post"}],"author":[{"embeddable":true,"href":"https:\/\/compagnie-l-aime-en-terre.fr\/v2\/wp-json\/wp\/v2\/users\/3"}],"replies":[{"embeddable":true,"href":"https:\/\/compagnie-l-aime-en-terre.fr\/v2\/wp-json\/wp\/v2\/comments?post=507"}],"version-history":[{"count":3,"href":"https:\/\/compagnie-l-aime-en-terre.fr\/v2\/wp-json\/wp\/v2\/posts\/507\/revisions"}],"predecessor-version":[{"id":647,"href":"https:\/\/compagnie-l-aime-en-terre.fr\/v2\/wp-json\/wp\/v2\/posts\/507\/revisions\/647"}],"wp:featuredmedia":[{"embeddable":true,"href":"https:\/\/compagnie-l-aime-en-terre.fr\/v2\/wp-json\/wp\/v2\/media\/516"}],"wp:attachment":[{"href":"https:\/\/compagnie-l-aime-en-terre.fr\/v2\/wp-json\/wp\/v2\/media?parent=507"}],"wp:term":[{"taxonomy":"category","embeddable":true,"href":"https:\/\/compagnie-l-aime-en-terre.fr\/v2\/wp-json\/wp\/v2\/categories?post=507"},{"taxonomy":"post_tag","embeddable":true,"href":"https:\/\/compagnie-l-aime-en-terre.fr\/v2\/wp-json\/wp\/v2\/tags?post=507"}],"curies":[{"name":"wp","href":"https:\/\/api.w.org\/{rel}","templated":true}]}}