{"id":59,"date":"2023-02-06T17:59:17","date_gmt":"2023-02-06T16:59:17","guid":{"rendered":"https:\/\/compagnie-l-aime-en-terre.fr\/v2\/?p=59"},"modified":"2023-02-26T18:44:34","modified_gmt":"2023-02-26T17:44:34","slug":"les-contes-aromatiques","status":"publish","type":"post","link":"https:\/\/compagnie-l-aime-en-terre.fr\/v2\/laimeenterre\/actuellement\/les-contes-aromatiques\/","title":{"rendered":"Spectacle \u00ab\u00a0Les contes aromatiques\u00a0\u00bb"},"content":{"rendered":"<p>Dans ce spectacle sensoriel, la conteuse joue avec les mots, les sons, les musiques et laisse place aux silences, cr\u00e9ateurs d\u2019espaces imaginaires. A travers des jeux de doigts, de la danse, du conte, les odeurs des plantes, la conteuse emm\u00e8ne les spectateurs dans un monde f\u00e9erique et olfactif pour qu\u2019ils prennent conscience de la nature qui les entoure.<\/p>\n<h4>Les contes<\/h4>\n<ul>\n<li>L&rsquo;abeille dor\u00e9e, ou pourquoi l&rsquo;abeille dort au chaud dans sa ruche pendant l&rsquo;hiver et pourquoi elle danse l\u2019\u00e9t\u00e9 autour des corolles des fleurs<\/li>\n<li>Grand-p\u00e8re Sucre et Grand-M\u00e8re Chocolat, ou la mani\u00e8re d&rsquo;accepter les diff\u00e9rences de chacun<\/li>\n<li>Tom Pouce et le royaume des farfadets : l\u2019histoire d\u2019un p\u2019tit homme qui f\u00fbt autoris\u00e9 \u00e0 entrer dans le pays sous les racines<\/li>\n<li>Le Romarin : l\u2019histoire de la rose marine ou comment elle permet de retrouver la m\u00e9moire<\/li>\n<li>La menthe : l\u2019histoire de Minth\u00e8, la nymphe d\u2019Had\u00e8s, qui fut transform\u00e9e en plante en souvenir de son parfum<\/li>\n<li>Ti\u2019Jan et la sorci\u00e8re : l\u2019histoire d\u2019un amoureux qui part chercher une \u00e9toile filante pour sa belle, rencontre l\u2019aventure en chemin et se d\u00e9fend gr\u00e2ce aux plantes<\/li>\n<li>L\u2019herbe aux cinq coutures ou comment les f\u00e9es cr\u00e9ent le plantain pour se jouer du Malin<\/li>\n<\/ul>\n\n\n<figure class=\"wp-block-gallery has-nested-images columns-default is-cropped wp-block-gallery-1 is-layout-flex wp-block-gallery-is-layout-flex\">\n<figure class=\"wp-block-image size-large\"><img loading=\"lazy\" decoding=\"async\" width=\"682\" height=\"1024\" data-id=\"470\" src=\"https:\/\/compagnie-l-aime-en-terre.fr\/v2\/wp-content\/uploads\/2023\/02\/Tijean-3-Conflans-2017-682x1024.jpg\" alt=\"\" class=\"wp-image-470\" srcset=\"https:\/\/compagnie-l-aime-en-terre.fr\/v2\/wp-content\/uploads\/2023\/02\/Tijean-3-Conflans-2017-682x1024.jpg 682w, https:\/\/compagnie-l-aime-en-terre.fr\/v2\/wp-content\/uploads\/2023\/02\/Tijean-3-Conflans-2017-200x300.jpg 200w, https:\/\/compagnie-l-aime-en-terre.fr\/v2\/wp-content\/uploads\/2023\/02\/Tijean-3-Conflans-2017-768x1154.jpg 768w, https:\/\/compagnie-l-aime-en-terre.fr\/v2\/wp-content\/uploads\/2023\/02\/Tijean-3-Conflans-2017-1023x1536.jpg 1023w, https:\/\/compagnie-l-aime-en-terre.fr\/v2\/wp-content\/uploads\/2023\/02\/Tijean-3-Conflans-2017-1363x2048.jpg 1363w, https:\/\/compagnie-l-aime-en-terre.fr\/v2\/wp-content\/uploads\/2023\/02\/Tijean-3-Conflans-2017-973x1462.jpg 973w, https:\/\/compagnie-l-aime-en-terre.fr\/v2\/wp-content\/uploads\/2023\/02\/Tijean-3-Conflans-2017-508x763.jpg 508w, https:\/\/compagnie-l-aime-en-terre.fr\/v2\/wp-content\/uploads\/2023\/02\/Tijean-3-Conflans-2017.jpg 1635w\" sizes=\"auto, (max-width: 682px) 100vw, 682px\" \/><\/figure>\n\n\n\n<figure class=\"wp-block-image size-large\"><img loading=\"lazy\" decoding=\"async\" width=\"600\" height=\"800\" data-id=\"469\" src=\"https:\/\/compagnie-l-aime-en-terre.fr\/v2\/wp-content\/uploads\/2023\/02\/conteuse3.jpg\" alt=\"\" class=\"wp-image-469\" srcset=\"https:\/\/compagnie-l-aime-en-terre.fr\/v2\/wp-content\/uploads\/2023\/02\/conteuse3.jpg 600w, https:\/\/compagnie-l-aime-en-terre.fr\/v2\/wp-content\/uploads\/2023\/02\/conteuse3-225x300.jpg 225w, https:\/\/compagnie-l-aime-en-terre.fr\/v2\/wp-content\/uploads\/2023\/02\/conteuse3-508x677.jpg 508w\" sizes=\"auto, (max-width: 600px) 100vw, 600px\" \/><\/figure>\n<\/figure>\n","protected":false},"excerpt":{"rendered":"<p>Dans ce spectacle sensoriel, la conteuse joue avec les mots, les sons, les musiques et laisse place aux silences, cr\u00e9ateurs d\u2019espaces imaginaires. A travers des jeux de doigts,&#8230;<\/p>\n","protected":false},"author":2,"featured_media":264,"comment_status":"open","ping_status":"open","sticky":true,"template":"","format":"standard","meta":{"footnotes":""},"categories":[1,2],"tags":[5,15,4,25,14],"class_list":["post-59","post","type-post","status-publish","format-standard","has-post-thumbnail","hentry","category-actuellement","category-les-spectacles","tag-contes","tag-herboristerie","tag-histoires","tag-nature","tag-plantes"],"yoast_head":"<!-- This site is optimized with the Yoast SEO plugin v25.2 - https:\/\/yoast.com\/wordpress\/plugins\/seo\/ -->\n<title>Spectacle &quot;Les contes aromatiques&quot; - La compagnie &quot;L&quot; aime en terre<\/title>\n<meta name=\"description\" content=\"-\" \/>\n<meta name=\"robots\" content=\"index, follow, max-snippet:-1, max-image-preview:large, max-video-preview:-1\" \/>\n<link rel=\"canonical\" href=\"https:\/\/compagnie-l-aime-en-terre.fr\/v2\/laimeenterre\/actuellement\/les-contes-aromatiques\/\" \/>\n<meta property=\"og:locale\" content=\"fr_FR\" \/>\n<meta property=\"og:type\" content=\"article\" \/>\n<meta property=\"og:title\" content=\"Spectacle &quot;Les contes aromatiques&quot; - La compagnie &quot;L&quot; aime en terre\" \/>\n<meta property=\"og:description\" content=\"-\" \/>\n<meta property=\"og:url\" content=\"https:\/\/compagnie-l-aime-en-terre.fr\/v2\/laimeenterre\/actuellement\/les-contes-aromatiques\/\" \/>\n<meta property=\"og:site_name\" content=\"La compagnie &quot;L&quot; aime en terre\" \/>\n<meta property=\"article:publisher\" content=\"https:\/\/www.facebook.com\/laimeenterre\/\" \/>\n<meta property=\"article:published_time\" content=\"2023-02-06T16:59:17+00:00\" \/>\n<meta property=\"article:modified_time\" content=\"2023-02-26T17:44:34+00:00\" \/>\n<meta property=\"og:image\" content=\"https:\/\/compagnie-l-aime-en-terre.fr\/v2\/wp-content\/uploads\/2021\/10\/05F834F7-E4EC-420C-B276-9AA80CDF9990.jpeg\" \/>\n\t<meta property=\"og:image:width\" content=\"1702\" \/>\n\t<meta property=\"og:image:height\" content=\"942\" \/>\n\t<meta property=\"og:image:type\" content=\"image\/jpeg\" \/>\n<meta name=\"author\" content=\"Marion S\u00e9gissement\" \/>\n<meta name=\"twitter:card\" content=\"summary_large_image\" \/>\n<meta name=\"twitter:label1\" content=\"\u00c9crit par\" \/>\n\t<meta name=\"twitter:data1\" content=\"Marion S\u00e9gissement\" \/>\n\t<meta name=\"twitter:label2\" content=\"Dur\u00e9e de lecture estim\u00e9e\" \/>\n\t<meta name=\"twitter:data2\" content=\"1 minute\" \/>\n<script type=\"application\/ld+json\" class=\"yoast-schema-graph\">{\"@context\":\"https:\/\/schema.org\",\"@graph\":[{\"@type\":\"Article\",\"@id\":\"https:\/\/compagnie-l-aime-en-terre.fr\/v2\/laimeenterre\/actuellement\/les-contes-aromatiques\/#article\",\"isPartOf\":{\"@id\":\"https:\/\/compagnie-l-aime-en-terre.fr\/v2\/laimeenterre\/actuellement\/les-contes-aromatiques\/\"},\"author\":{\"name\":\"Marion S\u00e9gissement\",\"@id\":\"https:\/\/compagnie-l-aime-en-terre.fr\/v2\/#\/schema\/person\/e691b9fd4bca31d1c2dca45312bc9ff7\"},\"headline\":\"Spectacle \u00ab\u00a0Les contes aromatiques\u00a0\u00bb\",\"datePublished\":\"2023-02-06T16:59:17+00:00\",\"dateModified\":\"2023-02-26T17:44:34+00:00\",\"mainEntityOfPage\":{\"@id\":\"https:\/\/compagnie-l-aime-en-terre.fr\/v2\/laimeenterre\/actuellement\/les-contes-aromatiques\/\"},\"wordCount\":227,\"commentCount\":0,\"publisher\":{\"@id\":\"https:\/\/compagnie-l-aime-en-terre.fr\/v2\/#organization\"},\"image\":{\"@id\":\"https:\/\/compagnie-l-aime-en-terre.fr\/v2\/laimeenterre\/actuellement\/les-contes-aromatiques\/#primaryimage\"},\"thumbnailUrl\":\"https:\/\/compagnie-l-aime-en-terre.fr\/v2\/wp-content\/uploads\/2021\/10\/05F834F7-E4EC-420C-B276-9AA80CDF9990.jpeg\",\"keywords\":[\"Contes\",\"Herboristerie\",\"Histoires\",\"nature\",\"Plantes\"],\"articleSection\":[\"A la une\",\"Nos spectacles\"],\"inLanguage\":\"fr-FR\",\"potentialAction\":[{\"@type\":\"CommentAction\",\"name\":\"Comment\",\"target\":[\"https:\/\/compagnie-l-aime-en-terre.fr\/v2\/laimeenterre\/actuellement\/les-contes-aromatiques\/#respond\"]}]},{\"@type\":\"WebPage\",\"@id\":\"https:\/\/compagnie-l-aime-en-terre.fr\/v2\/laimeenterre\/actuellement\/les-contes-aromatiques\/\",\"url\":\"https:\/\/compagnie-l-aime-en-terre.fr\/v2\/laimeenterre\/actuellement\/les-contes-aromatiques\/\",\"name\":\"Spectacle \\\"Les contes aromatiques\\\" - La compagnie &quot;L&quot; aime en terre\",\"isPartOf\":{\"@id\":\"https:\/\/compagnie-l-aime-en-terre.fr\/v2\/#website\"},\"primaryImageOfPage\":{\"@id\":\"https:\/\/compagnie-l-aime-en-terre.fr\/v2\/laimeenterre\/actuellement\/les-contes-aromatiques\/#primaryimage\"},\"image\":{\"@id\":\"https:\/\/compagnie-l-aime-en-terre.fr\/v2\/laimeenterre\/actuellement\/les-contes-aromatiques\/#primaryimage\"},\"thumbnailUrl\":\"https:\/\/compagnie-l-aime-en-terre.fr\/v2\/wp-content\/uploads\/2021\/10\/05F834F7-E4EC-420C-B276-9AA80CDF9990.jpeg\",\"datePublished\":\"2023-02-06T16:59:17+00:00\",\"dateModified\":\"2023-02-26T17:44:34+00:00\",\"description\":\"-\",\"breadcrumb\":{\"@id\":\"https:\/\/compagnie-l-aime-en-terre.fr\/v2\/laimeenterre\/actuellement\/les-contes-aromatiques\/#breadcrumb\"},\"inLanguage\":\"fr-FR\",\"potentialAction\":[{\"@type\":\"ReadAction\",\"target\":[\"https:\/\/compagnie-l-aime-en-terre.fr\/v2\/laimeenterre\/actuellement\/les-contes-aromatiques\/\"]}]},{\"@type\":\"ImageObject\",\"inLanguage\":\"fr-FR\",\"@id\":\"https:\/\/compagnie-l-aime-en-terre.fr\/v2\/laimeenterre\/actuellement\/les-contes-aromatiques\/#primaryimage\",\"url\":\"https:\/\/compagnie-l-aime-en-terre.fr\/v2\/wp-content\/uploads\/2021\/10\/05F834F7-E4EC-420C-B276-9AA80CDF9990.jpeg\",\"contentUrl\":\"https:\/\/compagnie-l-aime-en-terre.fr\/v2\/wp-content\/uploads\/2021\/10\/05F834F7-E4EC-420C-B276-9AA80CDF9990.jpeg\",\"width\":1702,\"height\":942},{\"@type\":\"BreadcrumbList\",\"@id\":\"https:\/\/compagnie-l-aime-en-terre.fr\/v2\/laimeenterre\/actuellement\/les-contes-aromatiques\/#breadcrumb\",\"itemListElement\":[{\"@type\":\"ListItem\",\"position\":1,\"name\":\"Accueil\",\"item\":\"https:\/\/compagnie-l-aime-en-terre.fr\/v2\/\"},{\"@type\":\"ListItem\",\"position\":2,\"name\":\"Spectacle \u00ab\u00a0Les contes aromatiques\u00a0\u00bb\"}]},{\"@type\":\"WebSite\",\"@id\":\"https:\/\/compagnie-l-aime-en-terre.fr\/v2\/#website\",\"url\":\"https:\/\/compagnie-l-aime-en-terre.fr\/v2\/\",\"name\":\"La compagnie L. aime en terre\",\"description\":\"Th\u00e9\u00e2tre de Rue et de jardins, conteuse, spectacles et ateliers\",\"publisher\":{\"@id\":\"https:\/\/compagnie-l-aime-en-terre.fr\/v2\/#organization\"},\"alternateName\":\"L aime en Terre\",\"potentialAction\":[{\"@type\":\"SearchAction\",\"target\":{\"@type\":\"EntryPoint\",\"urlTemplate\":\"https:\/\/compagnie-l-aime-en-terre.fr\/v2\/?s={search_term_string}\"},\"query-input\":{\"@type\":\"PropertyValueSpecification\",\"valueRequired\":true,\"valueName\":\"search_term_string\"}}],\"inLanguage\":\"fr-FR\"},{\"@type\":\"Organization\",\"@id\":\"https:\/\/compagnie-l-aime-en-terre.fr\/v2\/#organization\",\"name\":\"La compagnie \\\"L\\\" aime en terre\",\"alternateName\":\"L aime en Terre\",\"url\":\"https:\/\/compagnie-l-aime-en-terre.fr\/v2\/\",\"logo\":{\"@type\":\"ImageObject\",\"inLanguage\":\"fr-FR\",\"@id\":\"https:\/\/compagnie-l-aime-en-terre.fr\/v2\/#\/schema\/logo\/image\/\",\"url\":\"https:\/\/compagnie-l-aime-en-terre.fr\/v2\/wp-content\/uploads\/2021\/10\/cropped-IMG_1931.jpg\",\"contentUrl\":\"https:\/\/compagnie-l-aime-en-terre.fr\/v2\/wp-content\/uploads\/2021\/10\/cropped-IMG_1931.jpg\",\"width\":445,\"height\":421,\"caption\":\"La compagnie \\\"L\\\" aime en terre\"},\"image\":{\"@id\":\"https:\/\/compagnie-l-aime-en-terre.fr\/v2\/#\/schema\/logo\/image\/\"},\"sameAs\":[\"https:\/\/www.facebook.com\/laimeenterre\/\",\"https:\/\/www.instagram.com\/laimeenterre\/\"]},{\"@type\":\"Person\",\"@id\":\"https:\/\/compagnie-l-aime-en-terre.fr\/v2\/#\/schema\/person\/e691b9fd4bca31d1c2dca45312bc9ff7\",\"name\":\"Marion S\u00e9gissement\",\"image\":{\"@type\":\"ImageObject\",\"inLanguage\":\"fr-FR\",\"@id\":\"https:\/\/compagnie-l-aime-en-terre.fr\/v2\/#\/schema\/person\/image\/\",\"url\":\"https:\/\/secure.gravatar.com\/avatar\/22f051e0219c885342ccd77698f48d1cea1b5ee0264b7aadeaa5351139654a8b?s=96&d=mm&r=g\",\"contentUrl\":\"https:\/\/secure.gravatar.com\/avatar\/22f051e0219c885342ccd77698f48d1cea1b5ee0264b7aadeaa5351139654a8b?s=96&d=mm&r=g\",\"caption\":\"Marion S\u00e9gissement\"},\"url\":\"https:\/\/compagnie-l-aime-en-terre.fr\/v2\/laimeenterre\/author\/m-seg\/\"}]}<\/script>\n<!-- \/ Yoast SEO plugin. -->","yoast_head_json":{"title":"Spectacle \"Les contes aromatiques\" - La compagnie &quot;L&quot; aime en terre","description":"-","robots":{"index":"index","follow":"follow","max-snippet":"max-snippet:-1","max-image-preview":"max-image-preview:large","max-video-preview":"max-video-preview:-1"},"canonical":"https:\/\/compagnie-l-aime-en-terre.fr\/v2\/laimeenterre\/actuellement\/les-contes-aromatiques\/","og_locale":"fr_FR","og_type":"article","og_title":"Spectacle \"Les contes aromatiques\" - La compagnie &quot;L&quot; aime en terre","og_description":"-","og_url":"https:\/\/compagnie-l-aime-en-terre.fr\/v2\/laimeenterre\/actuellement\/les-contes-aromatiques\/","og_site_name":"La compagnie &quot;L&quot; aime en terre","article_publisher":"https:\/\/www.facebook.com\/laimeenterre\/","article_published_time":"2023-02-06T16:59:17+00:00","article_modified_time":"2023-02-26T17:44:34+00:00","og_image":[{"width":1702,"height":942,"url":"https:\/\/compagnie-l-aime-en-terre.fr\/v2\/wp-content\/uploads\/2021\/10\/05F834F7-E4EC-420C-B276-9AA80CDF9990.jpeg","type":"image\/jpeg"}],"author":"Marion S\u00e9gissement","twitter_card":"summary_large_image","twitter_misc":{"\u00c9crit par":"Marion S\u00e9gissement","Dur\u00e9e de lecture estim\u00e9e":"1 minute"},"schema":{"@context":"https:\/\/schema.org","@graph":[{"@type":"Article","@id":"https:\/\/compagnie-l-aime-en-terre.fr\/v2\/laimeenterre\/actuellement\/les-contes-aromatiques\/#article","isPartOf":{"@id":"https:\/\/compagnie-l-aime-en-terre.fr\/v2\/laimeenterre\/actuellement\/les-contes-aromatiques\/"},"author":{"name":"Marion S\u00e9gissement","@id":"https:\/\/compagnie-l-aime-en-terre.fr\/v2\/#\/schema\/person\/e691b9fd4bca31d1c2dca45312bc9ff7"},"headline":"Spectacle \u00ab\u00a0Les contes aromatiques\u00a0\u00bb","datePublished":"2023-02-06T16:59:17+00:00","dateModified":"2023-02-26T17:44:34+00:00","mainEntityOfPage":{"@id":"https:\/\/compagnie-l-aime-en-terre.fr\/v2\/laimeenterre\/actuellement\/les-contes-aromatiques\/"},"wordCount":227,"commentCount":0,"publisher":{"@id":"https:\/\/compagnie-l-aime-en-terre.fr\/v2\/#organization"},"image":{"@id":"https:\/\/compagnie-l-aime-en-terre.fr\/v2\/laimeenterre\/actuellement\/les-contes-aromatiques\/#primaryimage"},"thumbnailUrl":"https:\/\/compagnie-l-aime-en-terre.fr\/v2\/wp-content\/uploads\/2021\/10\/05F834F7-E4EC-420C-B276-9AA80CDF9990.jpeg","keywords":["Contes","Herboristerie","Histoires","nature","Plantes"],"articleSection":["A la une","Nos spectacles"],"inLanguage":"fr-FR","potentialAction":[{"@type":"CommentAction","name":"Comment","target":["https:\/\/compagnie-l-aime-en-terre.fr\/v2\/laimeenterre\/actuellement\/les-contes-aromatiques\/#respond"]}]},{"@type":"WebPage","@id":"https:\/\/compagnie-l-aime-en-terre.fr\/v2\/laimeenterre\/actuellement\/les-contes-aromatiques\/","url":"https:\/\/compagnie-l-aime-en-terre.fr\/v2\/laimeenterre\/actuellement\/les-contes-aromatiques\/","name":"Spectacle \"Les contes aromatiques\" - La compagnie &quot;L&quot; aime en terre","isPartOf":{"@id":"https:\/\/compagnie-l-aime-en-terre.fr\/v2\/#website"},"primaryImageOfPage":{"@id":"https:\/\/compagnie-l-aime-en-terre.fr\/v2\/laimeenterre\/actuellement\/les-contes-aromatiques\/#primaryimage"},"image":{"@id":"https:\/\/compagnie-l-aime-en-terre.fr\/v2\/laimeenterre\/actuellement\/les-contes-aromatiques\/#primaryimage"},"thumbnailUrl":"https:\/\/compagnie-l-aime-en-terre.fr\/v2\/wp-content\/uploads\/2021\/10\/05F834F7-E4EC-420C-B276-9AA80CDF9990.jpeg","datePublished":"2023-02-06T16:59:17+00:00","dateModified":"2023-02-26T17:44:34+00:00","description":"-","breadcrumb":{"@id":"https:\/\/compagnie-l-aime-en-terre.fr\/v2\/laimeenterre\/actuellement\/les-contes-aromatiques\/#breadcrumb"},"inLanguage":"fr-FR","potentialAction":[{"@type":"ReadAction","target":["https:\/\/compagnie-l-aime-en-terre.fr\/v2\/laimeenterre\/actuellement\/les-contes-aromatiques\/"]}]},{"@type":"ImageObject","inLanguage":"fr-FR","@id":"https:\/\/compagnie-l-aime-en-terre.fr\/v2\/laimeenterre\/actuellement\/les-contes-aromatiques\/#primaryimage","url":"https:\/\/compagnie-l-aime-en-terre.fr\/v2\/wp-content\/uploads\/2021\/10\/05F834F7-E4EC-420C-B276-9AA80CDF9990.jpeg","contentUrl":"https:\/\/compagnie-l-aime-en-terre.fr\/v2\/wp-content\/uploads\/2021\/10\/05F834F7-E4EC-420C-B276-9AA80CDF9990.jpeg","width":1702,"height":942},{"@type":"BreadcrumbList","@id":"https:\/\/compagnie-l-aime-en-terre.fr\/v2\/laimeenterre\/actuellement\/les-contes-aromatiques\/#breadcrumb","itemListElement":[{"@type":"ListItem","position":1,"name":"Accueil","item":"https:\/\/compagnie-l-aime-en-terre.fr\/v2\/"},{"@type":"ListItem","position":2,"name":"Spectacle \u00ab\u00a0Les contes aromatiques\u00a0\u00bb"}]},{"@type":"WebSite","@id":"https:\/\/compagnie-l-aime-en-terre.fr\/v2\/#website","url":"https:\/\/compagnie-l-aime-en-terre.fr\/v2\/","name":"La compagnie L. aime en terre","description":"Th\u00e9\u00e2tre de Rue et de jardins, conteuse, spectacles et ateliers","publisher":{"@id":"https:\/\/compagnie-l-aime-en-terre.fr\/v2\/#organization"},"alternateName":"L aime en Terre","potentialAction":[{"@type":"SearchAction","target":{"@type":"EntryPoint","urlTemplate":"https:\/\/compagnie-l-aime-en-terre.fr\/v2\/?s={search_term_string}"},"query-input":{"@type":"PropertyValueSpecification","valueRequired":true,"valueName":"search_term_string"}}],"inLanguage":"fr-FR"},{"@type":"Organization","@id":"https:\/\/compagnie-l-aime-en-terre.fr\/v2\/#organization","name":"La compagnie \"L\" aime en terre","alternateName":"L aime en Terre","url":"https:\/\/compagnie-l-aime-en-terre.fr\/v2\/","logo":{"@type":"ImageObject","inLanguage":"fr-FR","@id":"https:\/\/compagnie-l-aime-en-terre.fr\/v2\/#\/schema\/logo\/image\/","url":"https:\/\/compagnie-l-aime-en-terre.fr\/v2\/wp-content\/uploads\/2021\/10\/cropped-IMG_1931.jpg","contentUrl":"https:\/\/compagnie-l-aime-en-terre.fr\/v2\/wp-content\/uploads\/2021\/10\/cropped-IMG_1931.jpg","width":445,"height":421,"caption":"La compagnie \"L\" aime en terre"},"image":{"@id":"https:\/\/compagnie-l-aime-en-terre.fr\/v2\/#\/schema\/logo\/image\/"},"sameAs":["https:\/\/www.facebook.com\/laimeenterre\/","https:\/\/www.instagram.com\/laimeenterre\/"]},{"@type":"Person","@id":"https:\/\/compagnie-l-aime-en-terre.fr\/v2\/#\/schema\/person\/e691b9fd4bca31d1c2dca45312bc9ff7","name":"Marion S\u00e9gissement","image":{"@type":"ImageObject","inLanguage":"fr-FR","@id":"https:\/\/compagnie-l-aime-en-terre.fr\/v2\/#\/schema\/person\/image\/","url":"https:\/\/secure.gravatar.com\/avatar\/22f051e0219c885342ccd77698f48d1cea1b5ee0264b7aadeaa5351139654a8b?s=96&d=mm&r=g","contentUrl":"https:\/\/secure.gravatar.com\/avatar\/22f051e0219c885342ccd77698f48d1cea1b5ee0264b7aadeaa5351139654a8b?s=96&d=mm&r=g","caption":"Marion S\u00e9gissement"},"url":"https:\/\/compagnie-l-aime-en-terre.fr\/v2\/laimeenterre\/author\/m-seg\/"}]}},"_links":{"self":[{"href":"https:\/\/compagnie-l-aime-en-terre.fr\/v2\/wp-json\/wp\/v2\/posts\/59","targetHints":{"allow":["GET"]}}],"collection":[{"href":"https:\/\/compagnie-l-aime-en-terre.fr\/v2\/wp-json\/wp\/v2\/posts"}],"about":[{"href":"https:\/\/compagnie-l-aime-en-terre.fr\/v2\/wp-json\/wp\/v2\/types\/post"}],"author":[{"embeddable":true,"href":"https:\/\/compagnie-l-aime-en-terre.fr\/v2\/wp-json\/wp\/v2\/users\/2"}],"replies":[{"embeddable":true,"href":"https:\/\/compagnie-l-aime-en-terre.fr\/v2\/wp-json\/wp\/v2\/comments?post=59"}],"version-history":[{"count":5,"href":"https:\/\/compagnie-l-aime-en-terre.fr\/v2\/wp-json\/wp\/v2\/posts\/59\/revisions"}],"predecessor-version":[{"id":472,"href":"https:\/\/compagnie-l-aime-en-terre.fr\/v2\/wp-json\/wp\/v2\/posts\/59\/revisions\/472"}],"wp:featuredmedia":[{"embeddable":true,"href":"https:\/\/compagnie-l-aime-en-terre.fr\/v2\/wp-json\/wp\/v2\/media\/264"}],"wp:attachment":[{"href":"https:\/\/compagnie-l-aime-en-terre.fr\/v2\/wp-json\/wp\/v2\/media?parent=59"}],"wp:term":[{"taxonomy":"category","embeddable":true,"href":"https:\/\/compagnie-l-aime-en-terre.fr\/v2\/wp-json\/wp\/v2\/categories?post=59"},{"taxonomy":"post_tag","embeddable":true,"href":"https:\/\/compagnie-l-aime-en-terre.fr\/v2\/wp-json\/wp\/v2\/tags?post=59"}],"curies":[{"name":"wp","href":"https:\/\/api.w.org\/{rel}","templated":true}]}}